{"id":1600,"date":"2011-03-18T17:26:14","date_gmt":"2011-03-18T17:26:14","guid":{"rendered":"http:\/\/www.bvvizela.pt\/site\/?p=1600"},"modified":"2011-03-18T17:26:14","modified_gmt":"2011-03-18T17:26:14","slug":"assembleia-geral-hoje-pelas-2030h","status":"publish","type":"post","link":"https:\/\/www.bvvizela.pt\/site\/assembleia-geral-hoje-pelas-2030h\/","title":{"rendered":"Assembleia Geral, Hoje pelas 20:30h"},"content":{"rendered":"<p>Re\u00fane hoje, pelas 20:30 h, a\u00a0Assembleia Geral da Real Associa\u00e7\u00e3o Humanit\u00e1ria dos Bombeiros Volunt\u00e1rios de Vizela,\u00a0para a<strong>presenta\u00e7\u00e3o<\/strong>\u00a0 <strong>an\u00e1lise, discuss\u00e3o e vota\u00e7\u00e3o do Relat\u00f3rio e Contas\u00a0e Parecer do Conselho Fiscal, relativos ao exerc\u00edcio de 2010.<\/strong><\/p>\n<p><strong>A presen\u00e7a dos s\u00f3cios \u00e9 importante. Comparece.<\/strong><\/p>\n<p><strong>\u00a0<\/strong><\/p>\n","protected":false},"excerpt":{"rendered":"<p>Re\u00fane hoje, pelas 20:30 h, a\u00a0Assembleia Geral da Real Associa\u00e7\u00e3o Humanit\u00e1ria dos Bombeiros Volunt\u00e1rios de Vizela,\u00a0para apresenta\u00e7\u00e3o\u00a0 an\u00e1lise, discuss\u00e3o e vota\u00e7\u00e3o do Relat\u00f3rio e Contas\u00a0e Parecer do Conselho Fiscal, relativos ao exerc\u00edcio de 2010. A presen\u00e7a dos s\u00f3cios \u00e9 importante.<\/p>\n","protected":false},"author":3,"featured_media":0,"comment_status":"open","ping_status":"closed","sticky":false,"template":"","format":"standard","meta":{"ngg_post_thumbnail":0,"footnotes":""},"categories":[1],"tags":[],"class_list":["post-1600","post","type-post","status-publish","format-standard","hentry","category-noticias"],"_links":{"self":[{"href":"https:\/\/www.bvvizela.pt\/site\/wp-json\/wp\/v2\/posts\/1600","targetHints":{"allow":["GET"]}}],"collection":[{"href":"https:\/\/www.bvvizela.pt\/site\/wp-json\/wp\/v2\/posts"}],"about":[{"href":"https:\/\/www.bvvizela.pt\/site\/wp-json\/wp\/v2\/types\/post"}],"author":[{"embeddable":true,"href":"https:\/\/www.bvvizela.pt\/site\/wp-json\/wp\/v2\/users\/3"}],"replies":[{"embeddable":true,"href":"https:\/\/www.bvvizela.pt\/site\/wp-json\/wp\/v2\/comments?post=1600"}],"version-history":[{"count":1,"href":"https:\/\/www.bvvizela.pt\/site\/wp-json\/wp\/v2\/posts\/1600\/revisions"}],"predecessor-version":[{"id":1601,"href":"https:\/\/www.bvvizela.pt\/site\/wp-json\/wp\/v2\/posts\/1600\/revisions\/1601"}],"wp:attachment":[{"href":"https:\/\/www.bvvizela.pt\/site\/wp-json\/wp\/v2\/media?parent=1600"}],"wp:term":[{"taxonomy":"category","embeddable":true,"href":"https:\/\/www.bvvizela.pt\/site\/wp-json\/wp\/v2\/categories?post=1600"},{"taxonomy":"post_tag","embeddable":true,"href":"https:\/\/www.bvvizela.pt\/site\/wp-json\/wp\/v2\/tags?post=1600"}],"curies":[{"name":"wp","href":"https:\/\/api.w.org\/{rel}","templated":true}]}}