{"id":1597,"date":"2011-03-16T14:22:42","date_gmt":"2011-03-16T14:22:42","guid":{"rendered":"http:\/\/www.bvvizela.pt\/site\/?p=1597"},"modified":"2011-03-16T14:23:11","modified_gmt":"2011-03-16T14:23:11","slug":"saida-da-fanfarra-para-a-comemoracao-do-aniversario-do-concelho-de-vizela","status":"publish","type":"post","link":"https:\/\/www.bvvizela.pt\/site\/saida-da-fanfarra-para-a-comemoracao-do-aniversario-do-concelho-de-vizela\/","title":{"rendered":"Sa\u00edda da Fanfarra para a Comemora\u00e7\u00e3o do Anivers\u00e1rio do Concelho de Vizela"},"content":{"rendered":"<p>A Fanfarra dos Bombeiros Volunt\u00e1rios de Vizela estar\u00e3o, mais uma vez, presentes nas comemora\u00e7\u00f5es de mais um anivers\u00e1rio da C\u00e2mara de Vizela.<\/p>\n<p>Este s\u00e1bado, dia 19, dia em que Vizela celebra o 13\u00ba anivers\u00e1rio da eleva\u00e7\u00e3o a Concelho a Fanfarra, estar\u00e1 em formatura na cerim\u00f3nia do hastear da Bandeira e recep\u00e7\u00e3o dos convidados que est\u00e1 marcada para as 10 horas.<\/p>\n","protected":false},"excerpt":{"rendered":"<p>A Fanfarra dos Bombeiros Volunt\u00e1rios de Vizela estar\u00e3o, mais uma vez, presentes nas comemora\u00e7\u00f5es de mais um anivers\u00e1rio da C\u00e2mara de Vizela. Este s\u00e1bado, dia 19, dia em que Vizela celebra o 13\u00ba anivers\u00e1rio da eleva\u00e7\u00e3o a Concelho a Fanfarra,<\/p>\n","protected":false},"author":2,"featured_media":0,"comment_status":"open","ping_status":"closed","sticky":false,"template":"","format":"standard","meta":{"ngg_post_thumbnail":0,"footnotes":""},"categories":[1],"tags":[],"class_list":["post-1597","post","type-post","status-publish","format-standard","hentry","category-noticias"],"_links":{"self":[{"href":"https:\/\/www.bvvizela.pt\/site\/wp-json\/wp\/v2\/posts\/1597","targetHints":{"allow":["GET"]}}],"collection":[{"href":"https:\/\/www.bvvizela.pt\/site\/wp-json\/wp\/v2\/posts"}],"about":[{"href":"https:\/\/www.bvvizela.pt\/site\/wp-json\/wp\/v2\/types\/post"}],"author":[{"embeddable":true,"href":"https:\/\/www.bvvizela.pt\/site\/wp-json\/wp\/v2\/users\/2"}],"replies":[{"embeddable":true,"href":"https:\/\/www.bvvizela.pt\/site\/wp-json\/wp\/v2\/comments?post=1597"}],"version-history":[{"count":2,"href":"https:\/\/www.bvvizela.pt\/site\/wp-json\/wp\/v2\/posts\/1597\/revisions"}],"predecessor-version":[{"id":1599,"href":"https:\/\/www.bvvizela.pt\/site\/wp-json\/wp\/v2\/posts\/1597\/revisions\/1599"}],"wp:attachment":[{"href":"https:\/\/www.bvvizela.pt\/site\/wp-json\/wp\/v2\/media?parent=1597"}],"wp:term":[{"taxonomy":"category","embeddable":true,"href":"https:\/\/www.bvvizela.pt\/site\/wp-json\/wp\/v2\/categories?post=1597"},{"taxonomy":"post_tag","embeddable":true,"href":"https:\/\/www.bvvizela.pt\/site\/wp-json\/wp\/v2\/tags?post=1597"}],"curies":[{"name":"wp","href":"https:\/\/api.w.org\/{rel}","templated":true}]}}