{"id":1592,"date":"2011-03-09T23:55:55","date_gmt":"2011-03-09T23:55:55","guid":{"rendered":"http:\/\/www.bvvizela.pt\/site\/?p=1592"},"modified":"2011-03-10T01:23:56","modified_gmt":"2011-03-10T01:23:56","slug":"o-sonho-fez-se-realidade","status":"publish","type":"post","link":"https:\/\/www.bvvizela.pt\/site\/o-sonho-fez-se-realidade\/","title":{"rendered":"O sonho fez-se realidade&#8230;"},"content":{"rendered":"<p>\u201c<em>O sonho comanda a vid<a href=\"http:\/\/www.bvvizela.pt\/site\/wp-content\/uploads\/ambulancia.jpg\"><\/a>a e sempre que o homem sonha o mundo pula e avan\u00e7a<\/em>\u201d, \u00e9 um excerto do poema <strong>A Pedra Filosofal<\/strong>, de Ant\u00f3nio Gede\u00e3o.<\/p>\n<p>\u00c9 o mesmo que dizer: quando o homem realmente acredita e quer, as coisas acabam sempre por acontecer.<\/p>\n<p>Ora, houve pessoas que sonharam, e acreditaram, que era poss\u00edvel fazer-se uma campanha forte de angaria\u00e7\u00e3o de fundos para a aquisi\u00e7\u00e3o de uma nova ambul\u00e2ncia para os nossos bombeiros; passando rapidamente da vontade \u00e0 ac\u00e7\u00e3o, foram muitos aqueles que deram a cara, essencialmente os pr\u00f3prios bombeiros, e se empenharam de alma e cora\u00e7\u00e3o na concretiza\u00e7\u00e3o do projecto e na obten\u00e7\u00e3o dos objectivos.<\/p>\n<p>Decorreram 4 meses e chegados que fomos ao dia 08 de Mar\u00e7o, dia da extrac\u00e7\u00e3o do sorteio, com a sorte a bafejar: o primeiro pr\u00e9mio com o Nr. 11.364, o segundo pr\u00e9mio com o Nr. 4.438 e o terceiro pr\u00e9mio com o Nr. 27.175, e feitas as contas \u00e0s rifas, comprovamos terem sido vendidas 36.816, ou seja, o correspondente ao valor de 36.816 euros. Se a este valor acrescermos os 20% de comparticipa\u00e7\u00e3o da C\u00e2mara Municipal, conforme o acordo estabelecido, aquando da prepara\u00e7\u00e3o do Plano e Or\u00e7amento da Associa\u00e7\u00e3o para 2011, e alguns subs\u00eddios de empresas amigas, conclu\u00edmos que o objectivo foi totalmente conseguido.<\/p>\n<p>Estamos todos de PARAB\u00c9NS, bem como a pr\u00f3pria Associa\u00e7\u00e3o,\u00a0 que no dia 08 de Maio de 2011, dia em que comemora o seu 134.\u00ba anivers\u00e1rio, vai poder apresentar e festejar a chegada da nova ambul\u00e2ncia (ABSC).<\/p>\n<p>Um bem-haja a todos: aos contribuintes, \u00e0 C\u00e2mara Municipal de Vizela, aos que se empenharam na campanha, aos sorteados e \u00e0 Associa\u00e7\u00e3o.<\/p>\n<p>Jo\u00e3o Costa<\/p>\n<p>Presidente dos BVVizela<\/p>\n","protected":false},"excerpt":{"rendered":"<p>\u201cO sonho comanda a vida e sempre que o homem sonha o mundo pula e avan\u00e7a\u201d, \u00e9 um excerto do poema A Pedra Filosofal, de Ant\u00f3nio Gede\u00e3o. \u00c9 o mesmo que dizer: quando o homem realmente acredita e quer, as<\/p>\n","protected":false},"author":6,"featured_media":0,"comment_status":"open","ping_status":"closed","sticky":false,"template":"","format":"standard","meta":{"ngg_post_thumbnail":0,"footnotes":""},"categories":[1],"tags":[],"class_list":["post-1592","post","type-post","status-publish","format-standard","hentry","category-noticias"],"_links":{"self":[{"href":"https:\/\/www.bvvizela.pt\/site\/wp-json\/wp\/v2\/posts\/1592","targetHints":{"allow":["GET"]}}],"collection":[{"href":"https:\/\/www.bvvizela.pt\/site\/wp-json\/wp\/v2\/posts"}],"about":[{"href":"https:\/\/www.bvvizela.pt\/site\/wp-json\/wp\/v2\/types\/post"}],"author":[{"embeddable":true,"href":"https:\/\/www.bvvizela.pt\/site\/wp-json\/wp\/v2\/users\/6"}],"replies":[{"embeddable":true,"href":"https:\/\/www.bvvizela.pt\/site\/wp-json\/wp\/v2\/comments?post=1592"}],"version-history":[{"count":2,"href":"https:\/\/www.bvvizela.pt\/site\/wp-json\/wp\/v2\/posts\/1592\/revisions"}],"predecessor-version":[{"id":1595,"href":"https:\/\/www.bvvizela.pt\/site\/wp-json\/wp\/v2\/posts\/1592\/revisions\/1595"}],"wp:attachment":[{"href":"https:\/\/www.bvvizela.pt\/site\/wp-json\/wp\/v2\/media?parent=1592"}],"wp:term":[{"taxonomy":"category","embeddable":true,"href":"https:\/\/www.bvvizela.pt\/site\/wp-json\/wp\/v2\/categories?post=1592"},{"taxonomy":"post_tag","embeddable":true,"href":"https:\/\/www.bvvizela.pt\/site\/wp-json\/wp\/v2\/tags?post=1592"}],"curies":[{"name":"wp","href":"https:\/\/api.w.org\/{rel}","templated":true}]}}