{"id":1543,"date":"2011-03-07T08:56:27","date_gmt":"2011-03-07T08:56:27","guid":{"rendered":"http:\/\/www.bvvizela.pt\/site\/?p=1543"},"modified":"2011-03-07T08:58:04","modified_gmt":"2011-03-07T08:58:04","slug":"bombeiros-de-vizela-com-desfibrilhador-do-inem","status":"publish","type":"post","link":"https:\/\/www.bvvizela.pt\/site\/bombeiros-de-vizela-com-desfibrilhador-do-inem\/","title":{"rendered":"Bombeiros de Vizela com desfibrilhador do INEM"},"content":{"rendered":"<p style=\"text-align: justify;\">Os bombeiros de Vizela foram escolhidos para serem uma das corpora\u00e7\u00f5es de bombeiros a possu\u00edrem desfibrilhadores autom\u00e1ticos disponibilizados pelo Instituto Nacional de emerg\u00eancia M\u00e9dica (INEM) no \u00e2mbito do Programa de Desfibrilha\u00e7\u00e3o Autom\u00e1tica Externa (DAE)<\/p>\n<p style=\"text-align: justify;\">As corpora\u00e7\u00f5es foram escolhidas em fun\u00e7\u00e3o de crit\u00e9rios epidemiol\u00f3gicos de paragem cardio-respirat\u00f3ria, ou seja, do n\u00famero deste tipo de ocorr\u00eancias.<\/p>\n<p style=\"text-align: justify;\">O Desfibrilhador Autom\u00e1tico Externo \u00e9 um dispositivo port\u00e1til que permite, atrav\u00e9s de el\u00e9ctrodos adesivos colocados no t\u00f3rax de uma v\u00edtima em situa\u00e7\u00e3o de paragem cardio-respirat\u00f3ria, analisar o ritmo card\u00edaco e recomendar ou n\u00e3o um choque el\u00e9ctrico. O DAE regista som, electrocardiograma, fornece indica\u00e7\u00f5es aos reanimadores, analisa os dados e indica o choque ou n\u00e3o, segundo o algoritmo pr\u00e9-definido. \u00c9 indispens\u00e1vel para uma melhor assist\u00eancia m\u00e9dica \u00e0s v\u00edtimas de paragem cardio-respirat\u00f3ria e ter\u00e1 como reflexo a melhoria na qualidade do servi\u00e7o prestado aos cidad\u00e3os.<\/p>\n<p style=\"text-align: justify;\">O INEM vai realizar 31 cursos de forma\u00e7\u00e3o, o que vai permitir que os elementos dos bombeiros fiquem habilitados a utilizar estes equipamentos, que ser\u00e3o seguidamante disponibilizados \u00e0s corpora\u00e7\u00f5es.<\/p>\n<p style=\"text-align: justify;\"><strong>Dos bombeiros de Vizela ser\u00e3o habilitados 6 bombeiros, que est\u00e3o neste momento em forma\u00e7\u00e3o.<\/strong><\/p>\n<p>\u00a0<\/p>\n<p><strong><a href=\"http:\/\/www.bvvizela.pt\/site\/wp-content\/uploads\/desfibrilhador_p.jpg\"><img loading=\"lazy\" decoding=\"async\" class=\"alignleft size-medium wp-image-1545\" title=\"desfibrilhador_p\" src=\"http:\/\/www.bvvizela.pt\/site\/wp-content\/uploads\/desfibrilhador_p-300x210.jpg\" alt=\"\" width=\"214\" height=\"129\" \/><\/a><\/strong>.<\/p>\n","protected":false},"excerpt":{"rendered":"<p>Os bombeiros de Vizela foram escolhidos para serem uma das corpora\u00e7\u00f5es de bombeiros a possu\u00edrem desfibrilhadores autom\u00e1ticos disponibilizados pelo Instituto Nacional de emerg\u00eancia M\u00e9dica (INEM) no \u00e2mbito do Programa de Desfibrilha\u00e7\u00e3o Autom\u00e1tica Externa (DAE) As corpora\u00e7\u00f5es foram escolhidas em fun\u00e7\u00e3o<\/p>\n","protected":false},"author":3,"featured_media":0,"comment_status":"open","ping_status":"closed","sticky":false,"template":"","format":"standard","meta":{"ngg_post_thumbnail":0,"footnotes":""},"categories":[1],"tags":[],"class_list":["post-1543","post","type-post","status-publish","format-standard","hentry","category-noticias"],"_links":{"self":[{"href":"https:\/\/www.bvvizela.pt\/site\/wp-json\/wp\/v2\/posts\/1543","targetHints":{"allow":["GET"]}}],"collection":[{"href":"https:\/\/www.bvvizela.pt\/site\/wp-json\/wp\/v2\/posts"}],"about":[{"href":"https:\/\/www.bvvizela.pt\/site\/wp-json\/wp\/v2\/types\/post"}],"author":[{"embeddable":true,"href":"https:\/\/www.bvvizela.pt\/site\/wp-json\/wp\/v2\/users\/3"}],"replies":[{"embeddable":true,"href":"https:\/\/www.bvvizela.pt\/site\/wp-json\/wp\/v2\/comments?post=1543"}],"version-history":[{"count":4,"href":"https:\/\/www.bvvizela.pt\/site\/wp-json\/wp\/v2\/posts\/1543\/revisions"}],"predecessor-version":[{"id":1547,"href":"https:\/\/www.bvvizela.pt\/site\/wp-json\/wp\/v2\/posts\/1543\/revisions\/1547"}],"wp:attachment":[{"href":"https:\/\/www.bvvizela.pt\/site\/wp-json\/wp\/v2\/media?parent=1543"}],"wp:term":[{"taxonomy":"category","embeddable":true,"href":"https:\/\/www.bvvizela.pt\/site\/wp-json\/wp\/v2\/categories?post=1543"},{"taxonomy":"post_tag","embeddable":true,"href":"https:\/\/www.bvvizela.pt\/site\/wp-json\/wp\/v2\/tags?post=1543"}],"curies":[{"name":"wp","href":"https:\/\/api.w.org\/{rel}","templated":true}]}}