{"id":1538,"date":"2011-03-06T03:36:09","date_gmt":"2011-03-06T03:36:09","guid":{"rendered":"http:\/\/www.bvvizela.pt\/site\/?p=1538"},"modified":"2011-03-06T03:38:28","modified_gmt":"2011-03-06T03:38:28","slug":"vitor-vaz-pinto-novo-comandante-operacional-nacional","status":"publish","type":"post","link":"https:\/\/www.bvvizela.pt\/site\/vitor-vaz-pinto-novo-comandante-operacional-nacional\/","title":{"rendered":"V\u00edtor Vaz Pinto novo Comandante Operacional Nacional"},"content":{"rendered":"<p>Segundo nota enviada \u00e0 comunica\u00e7\u00e3o social pelo Minist\u00e9rio da\u00a0 Administra\u00e7\u00e3o Interna, o\u00a0at\u00e9 agora\u00a0Comandante Operacional Nacional, Paulo Gil Martins, foi suspenso preventivamente, no \u00e2mbito de um processo disciplinar.<\/p>\n<p>O referido cargo passar\u00e1 a ser desempenhado, em regime de substitui\u00e7\u00e3o, pelo licenciado <strong>V\u00edtor Vaz Pinto, actual Comandante Distrital de Opera\u00e7\u00f5es de Socorro de Faro<\/strong>.<\/p>\n<p>O Comando Nacional de Opera\u00e7\u00f5es de Socorro \u00e9 a principal estrutura operacional da Autoridade Nacional de Protec\u00e7\u00e3o Civil, que tutela os corpos de bombeiros, sendo um cargo de especial import\u00e2ncia na organiza\u00e7\u00e3o e coordena\u00e7\u00e3o de todos os meios de socorro.<\/p>\n<p><a href=\"http:\/\/www.bvvizela.pt\/site\/wp-content\/uploads\/ANPC-Logo.gif\"><img loading=\"lazy\" decoding=\"async\" class=\"alignleft size-full wp-image-1540\" title=\"ANPC - Logo\" src=\"http:\/\/www.bvvizela.pt\/site\/wp-content\/uploads\/ANPC-Logo.gif\" alt=\"\" width=\"145\" height=\"77\" \/><\/a><\/p>\n","protected":false},"excerpt":{"rendered":"<p>Segundo nota enviada \u00e0 comunica\u00e7\u00e3o social pelo Minist\u00e9rio da\u00a0 Administra\u00e7\u00e3o Interna, o\u00a0at\u00e9 agora\u00a0Comandante Operacional Nacional, Paulo Gil Martins, foi suspenso preventivamente, no \u00e2mbito de um processo disciplinar. O referido cargo passar\u00e1 a ser desempenhado, em regime de substitui\u00e7\u00e3o, pelo licenciado<\/p>\n","protected":false},"author":3,"featured_media":0,"comment_status":"open","ping_status":"closed","sticky":false,"template":"","format":"standard","meta":{"ngg_post_thumbnail":0,"footnotes":""},"categories":[1],"tags":[],"class_list":["post-1538","post","type-post","status-publish","format-standard","hentry","category-noticias"],"_links":{"self":[{"href":"https:\/\/www.bvvizela.pt\/site\/wp-json\/wp\/v2\/posts\/1538","targetHints":{"allow":["GET"]}}],"collection":[{"href":"https:\/\/www.bvvizela.pt\/site\/wp-json\/wp\/v2\/posts"}],"about":[{"href":"https:\/\/www.bvvizela.pt\/site\/wp-json\/wp\/v2\/types\/post"}],"author":[{"embeddable":true,"href":"https:\/\/www.bvvizela.pt\/site\/wp-json\/wp\/v2\/users\/3"}],"replies":[{"embeddable":true,"href":"https:\/\/www.bvvizela.pt\/site\/wp-json\/wp\/v2\/comments?post=1538"}],"version-history":[{"count":3,"href":"https:\/\/www.bvvizela.pt\/site\/wp-json\/wp\/v2\/posts\/1538\/revisions"}],"predecessor-version":[{"id":1542,"href":"https:\/\/www.bvvizela.pt\/site\/wp-json\/wp\/v2\/posts\/1538\/revisions\/1542"}],"wp:attachment":[{"href":"https:\/\/www.bvvizela.pt\/site\/wp-json\/wp\/v2\/media?parent=1538"}],"wp:term":[{"taxonomy":"category","embeddable":true,"href":"https:\/\/www.bvvizela.pt\/site\/wp-json\/wp\/v2\/categories?post=1538"},{"taxonomy":"post_tag","embeddable":true,"href":"https:\/\/www.bvvizela.pt\/site\/wp-json\/wp\/v2\/tags?post=1538"}],"curies":[{"name":"wp","href":"https:\/\/api.w.org\/{rel}","templated":true}]}}