{"id":1534,"date":"2011-03-05T12:34:42","date_gmt":"2011-03-05T12:34:42","guid":{"rendered":"http:\/\/www.bvvizela.pt\/site\/?p=1534"},"modified":"2011-03-05T12:37:04","modified_gmt":"2011-03-05T12:37:04","slug":"equipas-de-intervencao-permanente-eip-mais-tres-anos","status":"publish","type":"post","link":"https:\/\/www.bvvizela.pt\/site\/equipas-de-intervencao-permanente-eip-mais-tres-anos\/","title":{"rendered":"Equipa de Interven\u00e7\u00e3o Permanente (EIP) mais tr\u00eas anos"},"content":{"rendered":"<p>Depois de\u00a0recentemente o Governo ter decidido manter o apoio,\u00a0por mais tr\u00eas anos,\u00a0\u00e0s Equipas de Interven\u00e7\u00e3o Permanente (EIP&#8217;s) existentes nas associa\u00e7\u00f5es humanit\u00e1rias de bombeiros, considerando\u00a0o modelo EIP adequado, podemos confirmar\u00a0a<strong> <span style=\"text-decoration: underline;\">manuten\u00e7\u00e3o desta equipa tamb\u00e9m nos Bombeiros de Vizela.<\/span><\/strong><\/p>\n<p>Esta equipa resulta da parceria entre a Autoridade Nacional de Protec\u00e7\u00e3o Civil (ANPC), a C\u00e2mara Municipal de Vizela \u00a0e os Bombeiros de Vizela, estando o protocolo que a oficializa pronto para ser assinado, depois de devidamente analisado em todas as suas vertentes.<\/p>\n<p>Const\u00edtuida por 5 bombeiros,\u00a0tem como objectivo o socorro em perman\u00eancia\u00a0\u00e0 popula\u00e7\u00e3o, em todas as \u00e1reas (acidentes, inc\u00eandios, inunda\u00e7\u00f5es, &#8230;.), registando uma m\u00e9dia\u00a0superior a\u00a0700 servi\u00e7os\/ano no exterior, al\u00e9m de todo um trabalho de organiza\u00e7\u00e3o e manuten\u00e7\u00e3o da estrutura interna sendo, sem d\u00favida, uma mais valia para a nossa Associa\u00e7\u00e3o e toda a popula\u00e7\u00e3o de Vizela.<\/p>\n<p><a href=\"http:\/\/www.bvvizela.pt\/site\/wp-content\/uploads\/EIP.jpg\"><img loading=\"lazy\" decoding=\"async\" class=\"alignleft size-medium wp-image-321\" title=\"EIP\" src=\"http:\/\/www.bvvizela.pt\/site\/wp-content\/uploads\/EIP-300x225.jpg\" alt=\"\" width=\"159\" height=\"103\" \/><\/a><\/p>\n","protected":false},"excerpt":{"rendered":"<p>Depois de\u00a0recentemente o Governo ter decidido manter o apoio,\u00a0por mais tr\u00eas anos,\u00a0\u00e0s Equipas de Interven\u00e7\u00e3o Permanente (EIP&#8217;s) existentes nas associa\u00e7\u00f5es humanit\u00e1rias de bombeiros, considerando\u00a0o modelo EIP adequado, podemos confirmar\u00a0a manuten\u00e7\u00e3o desta equipa tamb\u00e9m nos Bombeiros de Vizela. Esta equipa resulta<\/p>\n","protected":false},"author":3,"featured_media":0,"comment_status":"open","ping_status":"closed","sticky":false,"template":"","format":"standard","meta":{"ngg_post_thumbnail":0,"footnotes":""},"categories":[1],"tags":[],"class_list":["post-1534","post","type-post","status-publish","format-standard","hentry","category-noticias"],"_links":{"self":[{"href":"https:\/\/www.bvvizela.pt\/site\/wp-json\/wp\/v2\/posts\/1534","targetHints":{"allow":["GET"]}}],"collection":[{"href":"https:\/\/www.bvvizela.pt\/site\/wp-json\/wp\/v2\/posts"}],"about":[{"href":"https:\/\/www.bvvizela.pt\/site\/wp-json\/wp\/v2\/types\/post"}],"author":[{"embeddable":true,"href":"https:\/\/www.bvvizela.pt\/site\/wp-json\/wp\/v2\/users\/3"}],"replies":[{"embeddable":true,"href":"https:\/\/www.bvvizela.pt\/site\/wp-json\/wp\/v2\/comments?post=1534"}],"version-history":[{"count":3,"href":"https:\/\/www.bvvizela.pt\/site\/wp-json\/wp\/v2\/posts\/1534\/revisions"}],"predecessor-version":[{"id":1537,"href":"https:\/\/www.bvvizela.pt\/site\/wp-json\/wp\/v2\/posts\/1534\/revisions\/1537"}],"wp:attachment":[{"href":"https:\/\/www.bvvizela.pt\/site\/wp-json\/wp\/v2\/media?parent=1534"}],"wp:term":[{"taxonomy":"category","embeddable":true,"href":"https:\/\/www.bvvizela.pt\/site\/wp-json\/wp\/v2\/categories?post=1534"},{"taxonomy":"post_tag","embeddable":true,"href":"https:\/\/www.bvvizela.pt\/site\/wp-json\/wp\/v2\/tags?post=1534"}],"curies":[{"name":"wp","href":"https:\/\/api.w.org\/{rel}","templated":true}]}}