{"id":1527,"date":"2011-03-01T22:37:29","date_gmt":"2011-03-01T22:37:29","guid":{"rendered":"http:\/\/www.bvvizela.pt\/site\/?p=1527"},"modified":"2011-03-04T18:37:44","modified_gmt":"2011-03-04T18:37:44","slug":"acidente-de-viacao-2","status":"publish","type":"post","link":"https:\/\/www.bvvizela.pt\/site\/acidente-de-viacao-2\/","title":{"rendered":"Acidente de Via\u00e7\u00e3o"},"content":{"rendered":"<p>Pelas 21:25 hora, do dia 1 de Mar\u00e7o, foi dado o alerta para um acidente de via\u00e7\u00e3o na estrada Nacional N\u00ba 105, na freguesia de Moreira de C\u00f3negos. Aquando do alerta foi referido que a v\u00edtima estava encarcerada na viatura. Para o local seguiram a INEM-01 com 3 elementos e o VSAT-02 com 5 elementos que tiveram ainda o aux\u00edlio da VMER de Guimar\u00e3es e a GNR de Lordelo.<\/p>\n<p>\u00c0 chegada ao local verificou-se que a v\u00edtima do sexo masculino, de 42 anos, j\u00e1 se encontrava fora do ve\u00edculo, sendo assistida na ambul\u00e2ncia pela equipa pr\u00e9-hospitalar e pela tripula\u00e7\u00e3o da VMER, sendo de seguida transportada para o Centro Hospitalar do Alto Ave &#8211; Guimar\u00e3es.<\/p>\n","protected":false},"excerpt":{"rendered":"<p>Pelas 21:25 hora, do dia 1 de Mar\u00e7o, foi dado o alerta para um acidente de via\u00e7\u00e3o na estrada Nacional N\u00ba 105, na freguesia de Moreira de C\u00f3negos. Aquando do alerta foi referido que a v\u00edtima estava encarcerada na viatura.<\/p>\n","protected":false},"author":2,"featured_media":0,"comment_status":"open","ping_status":"closed","sticky":false,"template":"","format":"standard","meta":{"ngg_post_thumbnail":0,"footnotes":""},"categories":[1],"tags":[],"class_list":["post-1527","post","type-post","status-publish","format-standard","hentry","category-noticias"],"_links":{"self":[{"href":"https:\/\/www.bvvizela.pt\/site\/wp-json\/wp\/v2\/posts\/1527","targetHints":{"allow":["GET"]}}],"collection":[{"href":"https:\/\/www.bvvizela.pt\/site\/wp-json\/wp\/v2\/posts"}],"about":[{"href":"https:\/\/www.bvvizela.pt\/site\/wp-json\/wp\/v2\/types\/post"}],"author":[{"embeddable":true,"href":"https:\/\/www.bvvizela.pt\/site\/wp-json\/wp\/v2\/users\/2"}],"replies":[{"embeddable":true,"href":"https:\/\/www.bvvizela.pt\/site\/wp-json\/wp\/v2\/comments?post=1527"}],"version-history":[{"count":2,"href":"https:\/\/www.bvvizela.pt\/site\/wp-json\/wp\/v2\/posts\/1527\/revisions"}],"predecessor-version":[{"id":1529,"href":"https:\/\/www.bvvizela.pt\/site\/wp-json\/wp\/v2\/posts\/1527\/revisions\/1529"}],"wp:attachment":[{"href":"https:\/\/www.bvvizela.pt\/site\/wp-json\/wp\/v2\/media?parent=1527"}],"wp:term":[{"taxonomy":"category","embeddable":true,"href":"https:\/\/www.bvvizela.pt\/site\/wp-json\/wp\/v2\/categories?post=1527"},{"taxonomy":"post_tag","embeddable":true,"href":"https:\/\/www.bvvizela.pt\/site\/wp-json\/wp\/v2\/tags?post=1527"}],"curies":[{"name":"wp","href":"https:\/\/api.w.org\/{rel}","templated":true}]}}