{"id":1522,"date":"2011-03-04T14:27:32","date_gmt":"2011-03-04T14:27:32","guid":{"rendered":"http:\/\/www.bvvizela.pt\/site\/?p=1522"},"modified":"2011-03-04T14:28:23","modified_gmt":"2011-03-04T14:28:23","slug":"incendio-num-contentor-de-ferragens","status":"publish","type":"post","link":"https:\/\/www.bvvizela.pt\/site\/incendio-num-contentor-de-ferragens\/","title":{"rendered":"Inc\u00eandio num contentor de Ferragens"},"content":{"rendered":"<p>Pelas 09:51 horas foi dado o alerta para Inc\u00eandio num contentor, no parque industrial do Cruzeiro, na freguesia de Moreira de C\u00f3negos.<\/p>\n<p>Para o local seguiu o VRCI-01, com 4 elementos dos Bombeiros Volunt\u00e1rios de Vizela, que se depararam com um contentor de ferragens, que tamb\u00e9m tinha parte dos balne\u00e1rios dos trabalhadores, que estavam a trabalhar na constru\u00e7\u00e3o de um novo pavilh\u00e3o. Todo o material consum\u00edvel ficou completamente destru\u00eddo.<\/p>\n","protected":false},"excerpt":{"rendered":"<p>Pelas 09:51 horas foi dado o alerta para Inc\u00eandio num contentor, no parque industrial do Cruzeiro, na freguesia de Moreira de C\u00f3negos. Para o local seguiu o VRCI-01, com 4 elementos dos Bombeiros Volunt\u00e1rios de Vizela, que se depararam com<\/p>\n","protected":false},"author":2,"featured_media":0,"comment_status":"open","ping_status":"closed","sticky":false,"template":"","format":"standard","meta":{"ngg_post_thumbnail":0,"footnotes":""},"categories":[1],"tags":[],"class_list":["post-1522","post","type-post","status-publish","format-standard","hentry","category-noticias"],"_links":{"self":[{"href":"https:\/\/www.bvvizela.pt\/site\/wp-json\/wp\/v2\/posts\/1522","targetHints":{"allow":["GET"]}}],"collection":[{"href":"https:\/\/www.bvvizela.pt\/site\/wp-json\/wp\/v2\/posts"}],"about":[{"href":"https:\/\/www.bvvizela.pt\/site\/wp-json\/wp\/v2\/types\/post"}],"author":[{"embeddable":true,"href":"https:\/\/www.bvvizela.pt\/site\/wp-json\/wp\/v2\/users\/2"}],"replies":[{"embeddable":true,"href":"https:\/\/www.bvvizela.pt\/site\/wp-json\/wp\/v2\/comments?post=1522"}],"version-history":[{"count":2,"href":"https:\/\/www.bvvizela.pt\/site\/wp-json\/wp\/v2\/posts\/1522\/revisions"}],"predecessor-version":[{"id":1524,"href":"https:\/\/www.bvvizela.pt\/site\/wp-json\/wp\/v2\/posts\/1522\/revisions\/1524"}],"wp:attachment":[{"href":"https:\/\/www.bvvizela.pt\/site\/wp-json\/wp\/v2\/media?parent=1522"}],"wp:term":[{"taxonomy":"category","embeddable":true,"href":"https:\/\/www.bvvizela.pt\/site\/wp-json\/wp\/v2\/categories?post=1522"},{"taxonomy":"post_tag","embeddable":true,"href":"https:\/\/www.bvvizela.pt\/site\/wp-json\/wp\/v2\/tags?post=1522"}],"curies":[{"name":"wp","href":"https:\/\/api.w.org\/{rel}","templated":true}]}}