{"id":1518,"date":"2011-03-04T14:08:50","date_gmt":"2011-03-04T14:08:50","guid":{"rendered":"http:\/\/www.bvvizela.pt\/site\/?p=1518"},"modified":"2011-03-04T17:02:14","modified_gmt":"2011-03-04T17:02:14","slug":"faleceu-jose-da-silva-peixoto","status":"publish","type":"post","link":"https:\/\/www.bvvizela.pt\/site\/faleceu-jose-da-silva-peixoto\/","title":{"rendered":"Faleceu Jos\u00e9 da Silva Peixoto"},"content":{"rendered":"<p>Jos\u00e9 da Silva Peixoto nascido na Marinha Grande a 25 de Abril de 1946. Entrou para a Real Associa\u00e7\u00e3o Humanit\u00e1ria dos Bombeiros Volunt\u00e1rios de Vizela a 15 de Agosto de 1965, onde esteve durante 22 anos e 2 meses, no quadro activo.<\/p>\n<p>Com 64 anos de idade, estava internado pela segunda vez, desde Dezembro de 2010, no IPO \u2013 Porto, ap\u00f3s ter descoberto a doen\u00e7a que acabou por venc\u00ea-lo. Consigo leva muitas das alegrias que deu durante a sua vida aos outros.<\/p>\n<p>O seu corpo est\u00e1 em c\u00e2mara-ardente no sal\u00e3o nobre do quartel dos Bombeiros, de onde sair\u00e1 pelas 10:30 h de amanh\u00e3, estando o funeral\u00a0 seu funeral est\u00e1 marcado para as 11h00, na igreja de S. Miguel das Caldas, freguesia onde ficar\u00e1 sepultado.<\/p>\n<p>A toda a fam\u00edlia enlutada, de todos os Corpos Sociais, do Comando e de todo o Corpo Activo, os nossos sentidos p\u00easames.<\/p>\n<p><a href=\"http:\/\/www.bvvizela.pt\/site\/wp-content\/uploads\/sr_peixoto.jpg\"><img loading=\"lazy\" decoding=\"async\" class=\"aligncenter size-medium wp-image-1520\" title=\"sr_peixoto\" src=\"http:\/\/www.bvvizela.pt\/site\/wp-content\/uploads\/sr_peixoto-204x300.jpg\" alt=\"\" width=\"204\" height=\"300\" srcset=\"https:\/\/www.bvvizela.pt\/site\/wp-content\/uploads\/sr_peixoto-204x300.jpg 204w, https:\/\/www.bvvizela.pt\/site\/wp-content\/uploads\/sr_peixoto.jpg 294w\" sizes=\"auto, (max-width: 204px) 100vw, 204px\" \/><\/a><\/p>\n","protected":false},"excerpt":{"rendered":"<p>Jos\u00e9 da Silva Peixoto nascido na Marinha Grande a 25 de Abril de 1946. Entrou para a Real Associa\u00e7\u00e3o Humanit\u00e1ria dos Bombeiros Volunt\u00e1rios de Vizela a 15 de Agosto de 1965, onde esteve durante 22 anos e 2 meses, no<\/p>\n","protected":false},"author":2,"featured_media":0,"comment_status":"open","ping_status":"closed","sticky":false,"template":"","format":"standard","meta":{"ngg_post_thumbnail":0,"footnotes":""},"categories":[1],"tags":[],"class_list":["post-1518","post","type-post","status-publish","format-standard","hentry","category-noticias"],"_links":{"self":[{"href":"https:\/\/www.bvvizela.pt\/site\/wp-json\/wp\/v2\/posts\/1518","targetHints":{"allow":["GET"]}}],"collection":[{"href":"https:\/\/www.bvvizela.pt\/site\/wp-json\/wp\/v2\/posts"}],"about":[{"href":"https:\/\/www.bvvizela.pt\/site\/wp-json\/wp\/v2\/types\/post"}],"author":[{"embeddable":true,"href":"https:\/\/www.bvvizela.pt\/site\/wp-json\/wp\/v2\/users\/2"}],"replies":[{"embeddable":true,"href":"https:\/\/www.bvvizela.pt\/site\/wp-json\/wp\/v2\/comments?post=1518"}],"version-history":[{"count":3,"href":"https:\/\/www.bvvizela.pt\/site\/wp-json\/wp\/v2\/posts\/1518\/revisions"}],"predecessor-version":[{"id":1526,"href":"https:\/\/www.bvvizela.pt\/site\/wp-json\/wp\/v2\/posts\/1518\/revisions\/1526"}],"wp:attachment":[{"href":"https:\/\/www.bvvizela.pt\/site\/wp-json\/wp\/v2\/media?parent=1518"}],"wp:term":[{"taxonomy":"category","embeddable":true,"href":"https:\/\/www.bvvizela.pt\/site\/wp-json\/wp\/v2\/categories?post=1518"},{"taxonomy":"post_tag","embeddable":true,"href":"https:\/\/www.bvvizela.pt\/site\/wp-json\/wp\/v2\/tags?post=1518"}],"curies":[{"name":"wp","href":"https:\/\/api.w.org\/{rel}","templated":true}]}}