{"id":1496,"date":"2011-03-03T02:27:34","date_gmt":"2011-03-03T02:27:34","guid":{"rendered":"http:\/\/www.bvvizela.pt\/site\/?p=1496"},"modified":"2011-03-07T09:00:53","modified_gmt":"2011-03-07T09:00:53","slug":"espectaculo-de-carnaval-sabado","status":"publish","type":"post","link":"https:\/\/www.bvvizela.pt\/site\/espectaculo-de-carnaval-sabado\/","title":{"rendered":"Espect\u00e1culo de Carnaval, S\u00e1bado"},"content":{"rendered":"<p><a href=\"http:\/\/www.bvvizela.pt\/site\/wp-content\/uploads\/Carnaval_p21.jpg\"><\/a>\u00c9 j\u00e1 este S\u00e1bado, 5 de Mar\u00e7o, que se realiza no Quartel da nossa Associa\u00e7\u00e3o o Espect\u00e1culo de Carnaval, organizado no \u00e2mbito da campanha de aquisi\u00e7\u00e3o de uma nova ambul\u00e2ncia. O Cartaz\u00a0\u00e9 apelativo! A entrada \u00e9 de somente 1 \u20ac, a reverter na totalidade para a referida campanha.<\/p>\n<p><strong>Aparece! Pelas 21:00 horas. Certamente uma noite divertida!<\/strong><\/p>\n<p><a href=\"http:\/\/www.bvvizela.pt\/site\/wp-content\/uploads\/Carnaval_p1.jpg\"><\/a><a href=\"http:\/\/www.bvvizela.pt\/site\/wp-content\/uploads\/Carnaval_p2.jpg\"><\/a><a href=\"http:\/\/www.bvvizela.pt\/site\/wp-content\/uploads\/Carnaval_p3.jpg\"><\/a><a href=\"http:\/\/www.bvvizela.pt\/site\/wp-content\/uploads\/Carnaval_p22.jpg\"><img loading=\"lazy\" decoding=\"async\" class=\"alignleft size-full wp-image-1506\" title=\"Carnaval_p2\" src=\"http:\/\/www.bvvizela.pt\/site\/wp-content\/uploads\/Carnaval_p22.jpg\" alt=\"\" width=\"246\" height=\"338\" \/><\/a><a href=\"http:\/\/www.bvvizela.pt\/site\/wp-content\/uploads\/Carnaval_p.jpg\"><\/a><\/p>\n","protected":false},"excerpt":{"rendered":"<p>\u00c9 j\u00e1 este S\u00e1bado, 5 de Mar\u00e7o, que se realiza no Quartel da nossa Associa\u00e7\u00e3o o Espect\u00e1culo de Carnaval, organizado no \u00e2mbito da campanha de aquisi\u00e7\u00e3o de uma nova ambul\u00e2ncia. O Cartaz\u00a0\u00e9 apelativo! A entrada \u00e9 de somente 1 \u20ac,<\/p>\n","protected":false},"author":3,"featured_media":0,"comment_status":"open","ping_status":"closed","sticky":false,"template":"","format":"standard","meta":{"ngg_post_thumbnail":0,"footnotes":""},"categories":[1],"tags":[],"class_list":["post-1496","post","type-post","status-publish","format-standard","hentry","category-noticias"],"_links":{"self":[{"href":"https:\/\/www.bvvizela.pt\/site\/wp-json\/wp\/v2\/posts\/1496","targetHints":{"allow":["GET"]}}],"collection":[{"href":"https:\/\/www.bvvizela.pt\/site\/wp-json\/wp\/v2\/posts"}],"about":[{"href":"https:\/\/www.bvvizela.pt\/site\/wp-json\/wp\/v2\/types\/post"}],"author":[{"embeddable":true,"href":"https:\/\/www.bvvizela.pt\/site\/wp-json\/wp\/v2\/users\/3"}],"replies":[{"embeddable":true,"href":"https:\/\/www.bvvizela.pt\/site\/wp-json\/wp\/v2\/comments?post=1496"}],"version-history":[{"count":9,"href":"https:\/\/www.bvvizela.pt\/site\/wp-json\/wp\/v2\/posts\/1496\/revisions"}],"predecessor-version":[{"id":1550,"href":"https:\/\/www.bvvizela.pt\/site\/wp-json\/wp\/v2\/posts\/1496\/revisions\/1550"}],"wp:attachment":[{"href":"https:\/\/www.bvvizela.pt\/site\/wp-json\/wp\/v2\/media?parent=1496"}],"wp:term":[{"taxonomy":"category","embeddable":true,"href":"https:\/\/www.bvvizela.pt\/site\/wp-json\/wp\/v2\/categories?post=1496"},{"taxonomy":"post_tag","embeddable":true,"href":"https:\/\/www.bvvizela.pt\/site\/wp-json\/wp\/v2\/tags?post=1496"}],"curies":[{"name":"wp","href":"https:\/\/api.w.org\/{rel}","templated":true}]}}