{"id":1442,"date":"2011-02-28T15:37:13","date_gmt":"2011-02-28T15:37:13","guid":{"rendered":"http:\/\/www.bvvizela.pt\/site\/?p=1442"},"modified":"2025-01-19T10:03:56","modified_gmt":"2025-01-19T10:03:56","slug":"resclado-do-congresso-extraordinario-da-lbp","status":"publish","type":"post","link":"https:\/\/www.bvvizela.pt\/site\/resclado-do-congresso-extraordinario-da-lbp\/","title":{"rendered":"Rescaldo do Congresso Extraordin\u00e1rio da LBP"},"content":{"rendered":"<p>No passado dia 26, s\u00e1bado, o Casino da Figueira da Foz foi palco de um dos acontecimentos mais importantes e mais marcantes para a vida quotidiana dos portugueses: o Congresso Extraordin\u00e1rio da LIGA dos Bombeiros Portugueses para debater e decidir o transporte de doentes pelas Associa\u00e7\u00f5es de Bombeiros.<\/p>\n<p>Os Bombeiros Portugueses, em peso, disseram: <em>presente<\/em>! \u2026 e numa manifesta\u00e7\u00e3o colectiva e de for\u00e7a responderam \u00e0 Sra. Ministra da Sa\u00fade: <em>assim n\u00e3o<\/em>! Veja Sra. Ministra que estamos todos unidos, queremos a revoga\u00e7\u00e3o do Despacho 19264, de 29 de Dezembro, e caso mantenha a sua posi\u00e7\u00e3o de <em>politicamente irrevog\u00e1vel<\/em>, ent\u00e3o, estaremos dispostos a encetar outras ac\u00e7\u00f5es.<\/p>\n<p>Ora, o despacho 19264, de 29 de Dezembro, com efeitos aplicativos imediatos a 01 de Janeiro de 2011, ou seja, 2 dias ap\u00f3s a sua publica\u00e7\u00e3o, n\u00e3o foi mais do que uma medida economicista do governo, cortando cegamente nas despesas da sa\u00fade, sem se importar com os problemas que provocaria aos doentes, e \u2013 mais grave \u2013 passar todo o \u00f3nus da culpa para as Corpora\u00e7\u00f5es de Bombeiros.<\/p>\n<p>Os Bombeiros de Portugal disseram claramente: <strong>1 \u2013<\/strong> que nem querem ficar com o \u00f3nus p\u00fablico; <strong>2 \u2013<\/strong> nem sofrerem na pr\u00f3pria pele os efeitos financeiros perniciosos que a referida medida incorpora; isto porque os bombeiros, a pedido do pr\u00f3prio Minist\u00e9rio da Sa\u00fade, h\u00e1 alguns anos, responderam afirmativamente, investindo em pessoal e em viaturas pr\u00f3prias para acorrer a estes servi\u00e7os e \u00e0s necessidades dos utentes.<\/p>\n<p>O Congresso foi uma resposta clara ao Minist\u00e9rio da Sa\u00fade, mas n\u00e3o deixou tamb\u00e9m de ser um recado s\u00e9rio para o Minist\u00e9rio da Administra\u00e7\u00e3o Interna, lembrando-lhe: que \u00e9 tempo do Minist\u00e9rio olhar de outra forma para os bombeiros volunt\u00e1rios de Portugal, que o Minist\u00e9rio tem obriga\u00e7\u00e3o de os ouvir e que o Minist\u00e9rio tem de reconhecer que os bombeiros unidos, se quiserem utilizar a sua for\u00e7a colectiva \u2026 e social, poder\u00e3o provocar muitos estragos. Como dizia o Presidente da Mesa dos Congressos, Comandante Jaime Soares: <em>\u201cestamos seguros das nossas<\/em> <em>raz\u00f5es, do que somos e do que realmente representamos\u201d. <\/em>E mais tarde, j\u00e1 no encerramento, do Presidente Executivo da Liga dos Bombeiros Portugueses, Duarte Caldeira: \u201c<em>n\u00e3o fomos criados pelo Estado, mas queremos que o Estado reconhe\u00e7a a nossa import\u00e2ncia e tenha realmente consci\u00eancia da nossa for\u00e7a\u201d.<\/em><\/p>\n<p>Foram cerca de 3 dezenas de interven\u00e7\u00f5es dos mais diversos quadrantes, algumas mais comedidas, mas outras bem mais emocionadas, como: <em>o combate n\u00e3o pode ter limites!<\/em><\/p>\n<p>\u00a0Em resumo, os Bombeiros de Portugal, escreveram na Figueira da Foz uma p\u00e1gina de ouro na sua longa e rica hist\u00f3ria e sa\u00edram de l\u00e1 bem mais unidos e determinados na sua ac\u00e7\u00e3o e, como disse algu\u00e9m: \u201c<em>este Congresso pode ter sido o ponto de viragem na vida dos Bombeiros de Portugal\u201d.<\/em><\/p>\n<p>As decis\u00f5es tomadas, por unanimidade dos congressistas, foram as seguintes:<\/p>\n<p>1.\u00aa \u2013 Revoga\u00e7\u00e3o imediata do Despacho 19264 e, caso o Governo, atrav\u00e9s do Minist\u00e9rio da Sa\u00fade, n\u00e3o d\u00ea seguimento \u00e0 peti\u00e7\u00e3o, colocar uma Ac\u00e7\u00e3o Cautelar e\/ou, j\u00e1 com mandato pelo Congresso para o efeito, o pr\u00f3prio Presidente da LIGA avan\u00e7ar com uma Ac\u00e7\u00e3o Jur\u00eddica;<\/p>\n<p>2.\u00aa \u2013 Se, at\u00e9 15 de Mar\u00e7o, o Governo n\u00e3o suspender a aplica\u00e7\u00e3o do referido Despacho, todos os bombeiros de Portugal, coordenados pelo Presidente da LIGA, encetar\u00e3o ac\u00e7\u00f5es diversas, desde uma grande manifesta\u00e7\u00e3o\/desfile em Lisboa, at\u00e9 manifesta\u00e7\u00f5es\/desfiles de ambul\u00e2ncias em todos os Distrito, junto \u00e0s sedes dos Governadores Civis;<\/p>\n<p>3.\u00aa \u2013 Outras ac\u00e7\u00f5es de cariz diverso, elencadas no Congresso, poder-se-\u00e3o seguir.<\/p>\n<p>Termino com a express\u00e3o do Presidente Executivo da Liga: <em>continuaremos firmes e unidos na nossa ac\u00e7\u00e3o.<\/em><\/p>\n<p>Jo\u00e3o Costa<\/p>\n<p>Presidente BVVizela<\/p>\n<p>Another post on the topic: <a href=\"https:\/\/www.bvvizela.pt\/site\/?p=6857\">Aristocort<\/a><\/p>\n","protected":false},"excerpt":{"rendered":"<p>No passado dia 26, s\u00e1bado, o Casino da Figueira da Foz foi palco de um dos acontecimentos mais importantes e mais marcantes para a vida quotidiana dos portugueses: o Congresso Extraordin\u00e1rio da LIGA dos Bombeiros Portugueses para debater e decidir<\/p>\n","protected":false},"author":3,"featured_media":0,"comment_status":"open","ping_status":"closed","sticky":false,"template":"","format":"standard","meta":{"ngg_post_thumbnail":0,"footnotes":""},"categories":[1],"tags":[],"class_list":["post-1442","post","type-post","status-publish","format-standard","hentry","category-noticias"],"_links":{"self":[{"href":"https:\/\/www.bvvizela.pt\/site\/wp-json\/wp\/v2\/posts\/1442","targetHints":{"allow":["GET"]}}],"collection":[{"href":"https:\/\/www.bvvizela.pt\/site\/wp-json\/wp\/v2\/posts"}],"about":[{"href":"https:\/\/www.bvvizela.pt\/site\/wp-json\/wp\/v2\/types\/post"}],"author":[{"embeddable":true,"href":"https:\/\/www.bvvizela.pt\/site\/wp-json\/wp\/v2\/users\/3"}],"replies":[{"embeddable":true,"href":"https:\/\/www.bvvizela.pt\/site\/wp-json\/wp\/v2\/comments?post=1442"}],"version-history":[{"count":4,"href":"https:\/\/www.bvvizela.pt\/site\/wp-json\/wp\/v2\/posts\/1442\/revisions"}],"predecessor-version":[{"id":6888,"href":"https:\/\/www.bvvizela.pt\/site\/wp-json\/wp\/v2\/posts\/1442\/revisions\/6888"}],"wp:attachment":[{"href":"https:\/\/www.bvvizela.pt\/site\/wp-json\/wp\/v2\/media?parent=1442"}],"wp:term":[{"taxonomy":"category","embeddable":true,"href":"https:\/\/www.bvvizela.pt\/site\/wp-json\/wp\/v2\/categories?post=1442"},{"taxonomy":"post_tag","embeddable":true,"href":"https:\/\/www.bvvizela.pt\/site\/wp-json\/wp\/v2\/tags?post=1442"}],"curies":[{"name":"wp","href":"https:\/\/api.w.org\/{rel}","templated":true}]}}