{"id":1429,"date":"2011-02-28T10:47:27","date_gmt":"2011-02-28T10:47:27","guid":{"rendered":"http:\/\/www.bvvizela.pt\/site\/?p=1429"},"modified":"2011-02-28T15:31:12","modified_gmt":"2011-02-28T15:31:12","slug":"incendio-em-viatura-em-nespereira-em-actualizacao","status":"publish","type":"post","link":"https:\/\/www.bvvizela.pt\/site\/incendio-em-viatura-em-nespereira-em-actualizacao\/","title":{"rendered":"V\u00edtima mortal em inc\u00eandio num Autom\u00f3vel"},"content":{"rendered":"<p>Pelas 09:55 horas \u00e9 dado o alerta para um inc\u00eandio florestal perto do \u201cSenhor dos Montes\u201d, onde se dirigiu o VLCI-04 para o local com 3 elementos.<\/p>\n<p>Aquando da sua chegada depararam-se com um ve\u00edculo tomado pelas chamas com um ser humano carbonizado no seu interior. Ardeu ainda um bocado de mata que estava quase extinta \u00e0 chegada da equipa ao local.<\/p>\n<p>Seguiu para o local o VRCI-01 com 5 elementos para auxiliar o combate \u00e0s chamas do ve\u00edculo.<\/p>\n<p>Pouco depois o inc\u00eandio estava extinto confirmando uma v\u00edtima mortal, que aparentava ser adulto do sexo masculino, que encontrava no lugar do condutor e com uma botija de g\u00e1s rebentada no seu interior. O caso foi entregue \u00e0s autoridades que prontamente chegaram ao local e tomaram conta da ocorr\u00eancia.<\/p>\n<p>Por volta das 13:30 foi iniciado o processo de remo\u00e7\u00e3o do cad\u00e1ver com a ABSC-02 com 3 elementos e o VSAT-02 com mais 3 elementos.<\/p>\n<p><a href=\"http:\/\/www.bvvizela.pt\/site\/wp-content\/uploads\/incendio_nespereira2.jpg\"><img loading=\"lazy\" decoding=\"async\" class=\"aligncenter size-medium wp-image-1438\" title=\"incendio_nespereira\" src=\"http:\/\/www.bvvizela.pt\/site\/wp-content\/uploads\/incendio_nespereira2-235x300.jpg\" alt=\"\" width=\"235\" height=\"300\" srcset=\"https:\/\/www.bvvizela.pt\/site\/wp-content\/uploads\/incendio_nespereira2-235x300.jpg 235w, https:\/\/www.bvvizela.pt\/site\/wp-content\/uploads\/incendio_nespereira2.jpg 481w\" sizes=\"auto, (max-width: 235px) 100vw, 235px\" \/><\/a><\/p>\n","protected":false},"excerpt":{"rendered":"<p>Pelas 09:55 horas \u00e9 dado o alerta para um inc\u00eandio florestal perto do \u201cSenhor dos Montes\u201d, onde se dirigiu o VLCI-04 para o local com 3 elementos. Aquando da sua chegada depararam-se com um ve\u00edculo tomado pelas chamas com um<\/p>\n","protected":false},"author":2,"featured_media":0,"comment_status":"open","ping_status":"closed","sticky":false,"template":"","format":"standard","meta":{"ngg_post_thumbnail":0,"footnotes":""},"categories":[1],"tags":[],"class_list":["post-1429","post","type-post","status-publish","format-standard","hentry","category-noticias"],"_links":{"self":[{"href":"https:\/\/www.bvvizela.pt\/site\/wp-json\/wp\/v2\/posts\/1429","targetHints":{"allow":["GET"]}}],"collection":[{"href":"https:\/\/www.bvvizela.pt\/site\/wp-json\/wp\/v2\/posts"}],"about":[{"href":"https:\/\/www.bvvizela.pt\/site\/wp-json\/wp\/v2\/types\/post"}],"author":[{"embeddable":true,"href":"https:\/\/www.bvvizela.pt\/site\/wp-json\/wp\/v2\/users\/2"}],"replies":[{"embeddable":true,"href":"https:\/\/www.bvvizela.pt\/site\/wp-json\/wp\/v2\/comments?post=1429"}],"version-history":[{"count":8,"href":"https:\/\/www.bvvizela.pt\/site\/wp-json\/wp\/v2\/posts\/1429\/revisions"}],"predecessor-version":[{"id":1431,"href":"https:\/\/www.bvvizela.pt\/site\/wp-json\/wp\/v2\/posts\/1429\/revisions\/1431"}],"wp:attachment":[{"href":"https:\/\/www.bvvizela.pt\/site\/wp-json\/wp\/v2\/media?parent=1429"}],"wp:term":[{"taxonomy":"category","embeddable":true,"href":"https:\/\/www.bvvizela.pt\/site\/wp-json\/wp\/v2\/categories?post=1429"},{"taxonomy":"post_tag","embeddable":true,"href":"https:\/\/www.bvvizela.pt\/site\/wp-json\/wp\/v2\/tags?post=1429"}],"curies":[{"name":"wp","href":"https:\/\/api.w.org\/{rel}","templated":true}]}}