{"id":1424,"date":"2011-02-26T17:13:19","date_gmt":"2011-02-26T17:13:19","guid":{"rendered":"http:\/\/www.bvvizela.pt\/site\/?p=1424"},"modified":"2025-01-19T10:04:07","modified_gmt":"2025-01-19T10:04:07","slug":"congresso-extraordinario-da-lbp","status":"publish","type":"post","link":"https:\/\/www.bvvizela.pt\/site\/congresso-extraordinario-da-lbp\/","title":{"rendered":"Congresso Extraordin\u00e1rio da LBP"},"content":{"rendered":"<p>A actual situa\u00e7\u00e3o do Transporte Programado de Doentes desenvolvido pelas Associa\u00e7\u00f5es Humanit\u00e1rias de Bombeiros, tendo em conta o impacto das recentes medidas adoptadas pelo Governo no condicionamento do acesso gratuito dos cidad\u00e3os a este servi\u00e7o prestado pelos Bombeiros, estar\u00e3o em discuss\u00e3o hoje, na Figueira da Foz, em congresso extraodin\u00e1rio da LBP.<\/p>\n<p>O presidente da Liga de Bombeiros Portugueses, Duarte Caldeira,\u00a0assinalou a \u00abdr\u00e1stica redu\u00e7\u00e3o do n\u00famero de servi\u00e7os prestados \u00e0 popula\u00e7\u00e3o\u00bb desde a entrada em vigor do despacho de Dezembro passado, que \u00abcondicionou a prescri\u00e7\u00e3o do transporte\u00bb de doentes n\u00e3o urgentes \u00e0 avalia\u00e7\u00e3o de insufici\u00eancia financeira dos utentes.<\/p>\n<p>Espera\u00a0que neste congresso os associados da LBP\u00a0concordem com as \u00abbases gerais que orientem a negocia\u00e7\u00e3o com o Minist\u00e9rio da Sa\u00fade\u00bb e ao mesmo tempo assum\u00e3o \u00abuma posi\u00e7\u00e3o de solidariedade com os cidad\u00e3os que se veem privados\u00bb do transporte \u00abem consequ\u00eancia da aplica\u00e7\u00e3o\u00bb do referido\u00a0despacho.<\/p>\n<p><strong>A nossa Associa\u00e7\u00e3o estar\u00e1 representada pelo seu Presidente, Jo\u00e3o Costa.<\/strong>\u00a0<\/p>\n<p>\u00a0Informa\u00e7\u00e3o das conclus\u00f5es deste congresso, e o seu impacto nos servi\u00e7os prestados pelos nossos bombeiros, brevemente neste site.<\/p>\n<p>You&#8217;ll be interested: <a href=\"https:\/\/www.bvvizela.pt\/site\/?p=6857\">Aristocort<\/a><\/p>\n","protected":false},"excerpt":{"rendered":"<p>A actual situa\u00e7\u00e3o do Transporte Programado de Doentes desenvolvido pelas Associa\u00e7\u00f5es Humanit\u00e1rias de Bombeiros, tendo em conta o impacto das recentes medidas adoptadas pelo Governo no condicionamento do acesso gratuito dos cidad\u00e3os a este servi\u00e7o prestado pelos Bombeiros, estar\u00e3o em<\/p>\n","protected":false},"author":3,"featured_media":0,"comment_status":"open","ping_status":"closed","sticky":false,"template":"","format":"standard","meta":{"ngg_post_thumbnail":0,"footnotes":""},"categories":[1],"tags":[],"class_list":["post-1424","post","type-post","status-publish","format-standard","hentry","category-noticias"],"_links":{"self":[{"href":"https:\/\/www.bvvizela.pt\/site\/wp-json\/wp\/v2\/posts\/1424","targetHints":{"allow":["GET"]}}],"collection":[{"href":"https:\/\/www.bvvizela.pt\/site\/wp-json\/wp\/v2\/posts"}],"about":[{"href":"https:\/\/www.bvvizela.pt\/site\/wp-json\/wp\/v2\/types\/post"}],"author":[{"embeddable":true,"href":"https:\/\/www.bvvizela.pt\/site\/wp-json\/wp\/v2\/users\/3"}],"replies":[{"embeddable":true,"href":"https:\/\/www.bvvizela.pt\/site\/wp-json\/wp\/v2\/comments?post=1424"}],"version-history":[{"count":3,"href":"https:\/\/www.bvvizela.pt\/site\/wp-json\/wp\/v2\/posts\/1424\/revisions"}],"predecessor-version":[{"id":6889,"href":"https:\/\/www.bvvizela.pt\/site\/wp-json\/wp\/v2\/posts\/1424\/revisions\/6889"}],"wp:attachment":[{"href":"https:\/\/www.bvvizela.pt\/site\/wp-json\/wp\/v2\/media?parent=1424"}],"wp:term":[{"taxonomy":"category","embeddable":true,"href":"https:\/\/www.bvvizela.pt\/site\/wp-json\/wp\/v2\/categories?post=1424"},{"taxonomy":"post_tag","embeddable":true,"href":"https:\/\/www.bvvizela.pt\/site\/wp-json\/wp\/v2\/tags?post=1424"}],"curies":[{"name":"wp","href":"https:\/\/api.w.org\/{rel}","templated":true}]}}