{"id":1421,"date":"2011-02-24T13:06:16","date_gmt":"2011-02-24T13:06:16","guid":{"rendered":"http:\/\/www.bvvizela.pt\/site\/?p=1421"},"modified":"2011-02-25T22:07:46","modified_gmt":"2011-02-25T22:07:46","slug":"incendio-em-habitacao","status":"publish","type":"post","link":"https:\/\/www.bvvizela.pt\/site\/incendio-em-habitacao\/","title":{"rendered":"Inc\u00eandio em Habita\u00e7\u00e3o"},"content":{"rendered":"<p>Pelas 12:52 horas, os Bombeiros de Vizela recebeu um alerta de um inc\u00eandio numa habita\u00e7\u00e3o na Viela de Agua Nova \u2013 freguesia de Tagilde.<\/p>\n<p>Para o local seguiu o VRCI-01 com 5 elementos que, chegados ao local verificaram que o inc\u00eandio j\u00e1 estava extinto e que esteve circunscrito \u00e0 cozinha. Como n\u00e3o existiam v\u00edtimas, procedeu-se apenas \u00e0 remo\u00e7\u00e3o dos destro\u00e7os e \u00e1 Ventila\u00e7\u00e3o T\u00e1ctica do edif\u00edcio, que estava completamente tomado pelo fumo da combust\u00e3o.<\/p>\n","protected":false},"excerpt":{"rendered":"<p>Pelas 12:52 horas, os Bombeiros de Vizela recebeu um alerta de um inc\u00eandio numa habita\u00e7\u00e3o na Viela de Agua Nova \u2013 freguesia de Tagilde. Para o local seguiu o VRCI-01 com 5 elementos que, chegados ao local verificaram que o<\/p>\n","protected":false},"author":2,"featured_media":0,"comment_status":"open","ping_status":"closed","sticky":false,"template":"","format":"standard","meta":{"ngg_post_thumbnail":0,"footnotes":""},"categories":[1],"tags":[],"class_list":["post-1421","post","type-post","status-publish","format-standard","hentry","category-noticias"],"_links":{"self":[{"href":"https:\/\/www.bvvizela.pt\/site\/wp-json\/wp\/v2\/posts\/1421","targetHints":{"allow":["GET"]}}],"collection":[{"href":"https:\/\/www.bvvizela.pt\/site\/wp-json\/wp\/v2\/posts"}],"about":[{"href":"https:\/\/www.bvvizela.pt\/site\/wp-json\/wp\/v2\/types\/post"}],"author":[{"embeddable":true,"href":"https:\/\/www.bvvizela.pt\/site\/wp-json\/wp\/v2\/users\/2"}],"replies":[{"embeddable":true,"href":"https:\/\/www.bvvizela.pt\/site\/wp-json\/wp\/v2\/comments?post=1421"}],"version-history":[{"count":2,"href":"https:\/\/www.bvvizela.pt\/site\/wp-json\/wp\/v2\/posts\/1421\/revisions"}],"predecessor-version":[{"id":1423,"href":"https:\/\/www.bvvizela.pt\/site\/wp-json\/wp\/v2\/posts\/1421\/revisions\/1423"}],"wp:attachment":[{"href":"https:\/\/www.bvvizela.pt\/site\/wp-json\/wp\/v2\/media?parent=1421"}],"wp:term":[{"taxonomy":"category","embeddable":true,"href":"https:\/\/www.bvvizela.pt\/site\/wp-json\/wp\/v2\/categories?post=1421"},{"taxonomy":"post_tag","embeddable":true,"href":"https:\/\/www.bvvizela.pt\/site\/wp-json\/wp\/v2\/tags?post=1421"}],"curies":[{"name":"wp","href":"https:\/\/api.w.org\/{rel}","templated":true}]}}