{"id":1414,"date":"2011-02-25T18:11:22","date_gmt":"2011-02-25T18:11:22","guid":{"rendered":"http:\/\/www.bvvizela.pt\/site\/?p=1414"},"modified":"2011-02-26T17:14:56","modified_gmt":"2011-02-26T17:14:56","slug":"assembleia-geral-dia-18-de-marco","status":"publish","type":"post","link":"https:\/\/www.bvvizela.pt\/site\/assembleia-geral-dia-18-de-marco\/","title":{"rendered":"Assembleia Geral, dia 18 de Mar\u00e7o"},"content":{"rendered":"<p>No exerc\u00edcio da fun\u00e7\u00e3o de Presidente da Assembleia-Geral da Real Associa\u00e7\u00e3o Humanit\u00e1ria dos Bombeiros Volunt\u00e1rios de Vizela, ap\u00f3s delibera\u00e7\u00e3o da Direc\u00e7\u00e3o, na reuni\u00e3o ocorrida no passado dia 18 do corrente m\u00eas, informo que est\u00e1 agendada a realiza\u00e7\u00e3o de uma <strong>Assembleia-Geral Ordin\u00e1ria<\/strong> para o pr\u00f3ximo dia 18 de Mar\u00e7o de 2011,Sexta-Feira, pelas 20:30 horas.<\/p>\n<p>A referida assembleia vai apresentar para <strong>an\u00e1lise, discuss\u00e3o e vota\u00e7\u00e3o o Relat\u00f3rio e Contas + o Parecer do Conselho Fiscal, relativos ao exerc\u00edcio de 2010.<\/strong><\/p>\n<p><strong>\u00a0<\/strong>No sentido de dar cabal cumprimento ao que determinam os nossos Estatutos, pe\u00e7o \u2013 pois &#8211; pelo presente a vossa especial aten\u00e7\u00e3o \u00e0 referida convocat\u00f3ria e o favor de procederem \u00e0 sua divulga\u00e7\u00e3o, at\u00e9 ao dia da sua realiza\u00e7\u00e3o.<\/p>\n<p>\u00a0Recebam os meus respeitosos cumprimentos.<\/p>\n<p><strong>O Presidente da Assembleia Geral<\/strong>,<\/p>\n<p>General Cipriano de Sousa Fernandes Alves<\/p>\n<p><a href=\"http:\/\/www.bvvizela.pt\/site\/wp-content\/uploads\/Convocat\u00f3ria-Assembleia-Geral-2011.pdf\">Convocat\u00f3ria Assembleia Geral 2011<\/a><\/p>\n","protected":false},"excerpt":{"rendered":"<p>No exerc\u00edcio da fun\u00e7\u00e3o de Presidente da Assembleia-Geral da Real Associa\u00e7\u00e3o Humanit\u00e1ria dos Bombeiros Volunt\u00e1rios de Vizela, ap\u00f3s delibera\u00e7\u00e3o da Direc\u00e7\u00e3o, na reuni\u00e3o ocorrida no passado dia 18 do corrente m\u00eas, informo que est\u00e1 agendada a realiza\u00e7\u00e3o de uma Assembleia-Geral<\/p>\n","protected":false},"author":3,"featured_media":0,"comment_status":"open","ping_status":"closed","sticky":false,"template":"","format":"standard","meta":{"ngg_post_thumbnail":0,"footnotes":""},"categories":[1],"tags":[],"class_list":["post-1414","post","type-post","status-publish","format-standard","hentry","category-noticias"],"_links":{"self":[{"href":"https:\/\/www.bvvizela.pt\/site\/wp-json\/wp\/v2\/posts\/1414","targetHints":{"allow":["GET"]}}],"collection":[{"href":"https:\/\/www.bvvizela.pt\/site\/wp-json\/wp\/v2\/posts"}],"about":[{"href":"https:\/\/www.bvvizela.pt\/site\/wp-json\/wp\/v2\/types\/post"}],"author":[{"embeddable":true,"href":"https:\/\/www.bvvizela.pt\/site\/wp-json\/wp\/v2\/users\/3"}],"replies":[{"embeddable":true,"href":"https:\/\/www.bvvizela.pt\/site\/wp-json\/wp\/v2\/comments?post=1414"}],"version-history":[{"count":5,"href":"https:\/\/www.bvvizela.pt\/site\/wp-json\/wp\/v2\/posts\/1414\/revisions"}],"predecessor-version":[{"id":1428,"href":"https:\/\/www.bvvizela.pt\/site\/wp-json\/wp\/v2\/posts\/1414\/revisions\/1428"}],"wp:attachment":[{"href":"https:\/\/www.bvvizela.pt\/site\/wp-json\/wp\/v2\/media?parent=1414"}],"wp:term":[{"taxonomy":"category","embeddable":true,"href":"https:\/\/www.bvvizela.pt\/site\/wp-json\/wp\/v2\/categories?post=1414"},{"taxonomy":"post_tag","embeddable":true,"href":"https:\/\/www.bvvizela.pt\/site\/wp-json\/wp\/v2\/tags?post=1414"}],"curies":[{"name":"wp","href":"https:\/\/api.w.org\/{rel}","templated":true}]}}