{"id":1391,"date":"2011-02-25T10:00:22","date_gmt":"2011-02-25T10:00:22","guid":{"rendered":"http:\/\/www.bvvizela.pt\/site\/?p=1391"},"modified":"2011-02-25T11:26:10","modified_gmt":"2011-02-25T11:26:10","slug":"advertencia-cobranca-de-quotas","status":"publish","type":"post","link":"https:\/\/www.bvvizela.pt\/site\/advertencia-cobranca-de-quotas\/","title":{"rendered":"Advert\u00eancia &#8211; Cobran\u00e7a de Quotas"},"content":{"rendered":"<p><strong>Chamamos a aten\u00e7\u00e3o para<\/strong> <strong><span style=\"color: #ff0000;\">tentativas de fraude<\/span> na cobran\u00e7a de quotas \u00a0em nome da Associa\u00e7\u00e3o.<\/strong><\/p>\n<p><strong>Por favor evitem pagar quotas a outras pessoas, que n\u00e3o seja ao Sr. Manuel\u00a0(foto anexa)\u00a0\u00a0ou, ent\u00e3o, directamente na secretaria da Associa\u00e7\u00e3o. <\/strong><\/p>\n<p><strong>T\u00eam aparecido nas Freguesias que a Associa\u00e7\u00e3o\/Corpora\u00e7\u00e3o cobre outros falsos cobradores a faz\u00ea-lo, como foi o caso recente de um cavalheiro com cerca de 50 anos que se fazia transportar numa viatura vermelha, com a matr\u00edcula 57 \u2013 24 \u2013 BZ,\u00a0 caso j\u00e1 informado \u00e0s autoridades.<\/strong><\/p>\n<p><strong>A Direc\u00e7\u00e3o<\/strong><\/p>\n<p><a href=\"http:\/\/www.bvvizela.pt\/site\/wp-content\/uploads\/Sr-Manuel.jpg\"><img loading=\"lazy\" decoding=\"async\" class=\"alignleft size-medium wp-image-1392\" title=\"Sr Manuel - cobrador\" src=\"http:\/\/www.bvvizela.pt\/site\/wp-content\/uploads\/Sr-Manuel-212x300.jpg\" alt=\"\" width=\"212\" height=\"300\" srcset=\"https:\/\/www.bvvizela.pt\/site\/wp-content\/uploads\/Sr-Manuel-212x300.jpg 212w, https:\/\/www.bvvizela.pt\/site\/wp-content\/uploads\/Sr-Manuel.jpg 724w\" sizes=\"auto, (max-width: 212px) 100vw, 212px\" \/><\/a><\/p>\n","protected":false},"excerpt":{"rendered":"<p>Chamamos a aten\u00e7\u00e3o para tentativas de fraude na cobran\u00e7a de quotas \u00a0em nome da Associa\u00e7\u00e3o. Por favor evitem pagar quotas a outras pessoas, que n\u00e3o seja ao Sr. Manuel\u00a0(foto anexa)\u00a0\u00a0ou, ent\u00e3o, directamente na secretaria da Associa\u00e7\u00e3o. T\u00eam aparecido nas Freguesias<\/p>\n","protected":false},"author":3,"featured_media":0,"comment_status":"open","ping_status":"closed","sticky":false,"template":"","format":"standard","meta":{"ngg_post_thumbnail":0,"footnotes":""},"categories":[1],"tags":[],"class_list":["post-1391","post","type-post","status-publish","format-standard","hentry","category-noticias"],"_links":{"self":[{"href":"https:\/\/www.bvvizela.pt\/site\/wp-json\/wp\/v2\/posts\/1391","targetHints":{"allow":["GET"]}}],"collection":[{"href":"https:\/\/www.bvvizela.pt\/site\/wp-json\/wp\/v2\/posts"}],"about":[{"href":"https:\/\/www.bvvizela.pt\/site\/wp-json\/wp\/v2\/types\/post"}],"author":[{"embeddable":true,"href":"https:\/\/www.bvvizela.pt\/site\/wp-json\/wp\/v2\/users\/3"}],"replies":[{"embeddable":true,"href":"https:\/\/www.bvvizela.pt\/site\/wp-json\/wp\/v2\/comments?post=1391"}],"version-history":[{"count":5,"href":"https:\/\/www.bvvizela.pt\/site\/wp-json\/wp\/v2\/posts\/1391\/revisions"}],"predecessor-version":[{"id":1413,"href":"https:\/\/www.bvvizela.pt\/site\/wp-json\/wp\/v2\/posts\/1391\/revisions\/1413"}],"wp:attachment":[{"href":"https:\/\/www.bvvizela.pt\/site\/wp-json\/wp\/v2\/media?parent=1391"}],"wp:term":[{"taxonomy":"category","embeddable":true,"href":"https:\/\/www.bvvizela.pt\/site\/wp-json\/wp\/v2\/categories?post=1391"},{"taxonomy":"post_tag","embeddable":true,"href":"https:\/\/www.bvvizela.pt\/site\/wp-json\/wp\/v2\/tags?post=1391"}],"curies":[{"name":"wp","href":"https:\/\/api.w.org\/{rel}","templated":true}]}}