{"id":1381,"date":"2011-02-24T22:18:31","date_gmt":"2011-02-24T22:18:31","guid":{"rendered":"http:\/\/www.bvvizela.pt\/site\/?p=1381"},"modified":"2011-05-06T12:45:39","modified_gmt":"2011-05-06T11:45:39","slug":"novos-cartoes-de-socio","status":"publish","type":"post","link":"https:\/\/www.bvvizela.pt\/site\/novos-cartoes-de-socio\/","title":{"rendered":"Novos cart\u00f5es de s\u00f3cio"},"content":{"rendered":"<p><a href=\"http:\/\/www.bvvizela.pt\/site\/wp-content\/uploads\/cart\u00e3o-bvv-med.jpg\"><\/a>Terminou em 31 de Dezembro de 2010 a renumera\u00e7\u00e3o de todos os s\u00f3cios da Real Associa\u00e7\u00e3o Humanit\u00e1ria dos Bombeiros Volunt\u00e1rios de Vizela.<\/p>\n<p>Procedeu-se ent\u00e3o \u00e0 impress\u00e3o dos novos cart\u00f5es de s\u00f3cio, que est\u00e3o neste momento\u00a0em distribui\u00e7\u00e3o pelo Sr. Manuel &#8211; cobrador habitual da nossa Associa\u00e7\u00e3o.<\/p>\n<p>Lembramos que, a partir de agora, poder\u00e3o beneficiar de muitas regalias e descontos, nas diversas cl\u00ednicas, institui\u00e7\u00f5es particulares, financeiras e seguros, e empresas com as quais a Associa\u00e7\u00e3o est\u00e1 a finalizar acordos de coopera\u00e7\u00e3o &#8211; os acordos come\u00e7ar\u00e3o a ser publicitados no nosso site, onde poder\u00e3o ser vistos e consultados. O apresenta\u00e7\u00e3o do novo cart\u00e3o de s\u00f3cio ser\u00e1 obrigat\u00f3ria.<\/p>\n<p>Se pretender saber informa\u00e7\u00f5es sobre este processo &#8211; saber o seu novo n\u00famero de s\u00f3cio, solicitar o levantamento na secretaria ou outros &#8211; contacte-nos, preferencialmente\u00a0pelo mail <a href=\"mailto:bvv.socios@mailtelepac.pt\">bvv.socios@mail.telepac.pt<\/a>\u00a0 (mail exclusivo para este assunto), indentificando-se convenientemente &#8211; nome completo e n\u00famero de BI.<\/p>\n<p>Obrigado pela colabora\u00e7\u00e3o.<\/p>\n<p><a href=\"http:\/\/www.bvvizela.pt\/site\/wp-content\/uploads\/cart\u00e3o-bvv-peq1.jpg\"><\/a><a href=\"http:\/\/www.bvvizela.pt\/site\/wp-content\/uploads\/cart\u00e3o-bvv-peq2.jpg\"><\/a><a href=\"http:\/\/www.bvvizela.pt\/site\/wp-content\/uploads\/cart\u00e3o-bvv-med1.jpg\"><\/a><\/p>\n<p><a href=\"http:\/\/www.bvvizela.pt\/site\/wp-content\/uploads\/cart\u00e3o-bvv-novo.jpg\"><img loading=\"lazy\" decoding=\"async\" class=\"alignleft size-medium wp-image-1510\" title=\"cart\u00e3o bvv novo\" src=\"http:\/\/www.bvvizela.pt\/site\/wp-content\/uploads\/cart\u00e3o-bvv-novo-300x189.jpg\" alt=\"\" width=\"300\" height=\"189\" srcset=\"https:\/\/www.bvvizela.pt\/site\/wp-content\/uploads\/cart\u00e3o-bvv-novo-300x189.jpg 300w, https:\/\/www.bvvizela.pt\/site\/wp-content\/uploads\/cart\u00e3o-bvv-novo.jpg 398w\" sizes=\"auto, (max-width: 300px) 100vw, 300px\" \/><\/a><a href=\"http:\/\/www.bvvizela.pt\/site\/wp-content\/uploads\/cart\u00e3o-bvv.jpg\"><\/a><\/p>\n","protected":false},"excerpt":{"rendered":"<p>Terminou em 31 de Dezembro de 2010 a renumera\u00e7\u00e3o de todos os s\u00f3cios da Real Associa\u00e7\u00e3o Humanit\u00e1ria dos Bombeiros Volunt\u00e1rios de Vizela. Procedeu-se ent\u00e3o \u00e0 impress\u00e3o dos novos cart\u00f5es de s\u00f3cio, que est\u00e3o neste momento\u00a0em distribui\u00e7\u00e3o pelo Sr. Manuel &#8211;<\/p>\n","protected":false},"author":3,"featured_media":0,"comment_status":"open","ping_status":"closed","sticky":false,"template":"","format":"standard","meta":{"ngg_post_thumbnail":0,"footnotes":""},"categories":[1],"tags":[],"class_list":["post-1381","post","type-post","status-publish","format-standard","hentry","category-noticias"],"_links":{"self":[{"href":"https:\/\/www.bvvizela.pt\/site\/wp-json\/wp\/v2\/posts\/1381","targetHints":{"allow":["GET"]}}],"collection":[{"href":"https:\/\/www.bvvizela.pt\/site\/wp-json\/wp\/v2\/posts"}],"about":[{"href":"https:\/\/www.bvvizela.pt\/site\/wp-json\/wp\/v2\/types\/post"}],"author":[{"embeddable":true,"href":"https:\/\/www.bvvizela.pt\/site\/wp-json\/wp\/v2\/users\/3"}],"replies":[{"embeddable":true,"href":"https:\/\/www.bvvizela.pt\/site\/wp-json\/wp\/v2\/comments?post=1381"}],"version-history":[{"count":12,"href":"https:\/\/www.bvvizela.pt\/site\/wp-json\/wp\/v2\/posts\/1381\/revisions"}],"predecessor-version":[{"id":1737,"href":"https:\/\/www.bvvizela.pt\/site\/wp-json\/wp\/v2\/posts\/1381\/revisions\/1737"}],"wp:attachment":[{"href":"https:\/\/www.bvvizela.pt\/site\/wp-json\/wp\/v2\/media?parent=1381"}],"wp:term":[{"taxonomy":"category","embeddable":true,"href":"https:\/\/www.bvvizela.pt\/site\/wp-json\/wp\/v2\/categories?post=1381"},{"taxonomy":"post_tag","embeddable":true,"href":"https:\/\/www.bvvizela.pt\/site\/wp-json\/wp\/v2\/tags?post=1381"}],"curies":[{"name":"wp","href":"https:\/\/api.w.org\/{rel}","templated":true}]}}