{"id":1373,"date":"2011-02-23T12:28:42","date_gmt":"2011-02-23T12:28:42","guid":{"rendered":"http:\/\/www.bvvizela.pt\/site\/?p=1373"},"modified":"2011-02-23T12:32:36","modified_gmt":"2011-02-23T12:32:36","slug":"homem-de-50-anos-morre-em-acidente-de-trabalho","status":"publish","type":"post","link":"https:\/\/www.bvvizela.pt\/site\/homem-de-50-anos-morre-em-acidente-de-trabalho\/","title":{"rendered":"Homem de 50 anos morre em acidente de trabalho"},"content":{"rendered":"<p>Pelas 7 horas e 35 minutos somos\u00a0accionado para a empresa \u201cT\u00eaxtil de Vizela\u201d, para um acidente de trabalho grave. Para o local saiu de imediato a ABSC-06 com 2 bombeiros, que h\u00e1 chegada verificaram que o incidente era na Empresa \u201cERFOC\u201d, na parte sul do rio, na rua da Baiona \u2013 Vilarinho. Quando chegaram\u00a0\u00e0\u00a0vitima esta j\u00e1 se encontrava cad\u00e1ver.<\/p>\n<p>A v\u00edtima, do sexo masculino, entrara ao trabalho \u00e0s 6h da manh\u00e3 e encontrava-se sozinho no local,\u00a0at\u00e9 algu\u00e9m chegar e dar\u00a0o alerta, n\u00e3o\u00a0se\u00a0sabendo em pormenor a hora do acidente. Ao que tudo indica, este trabalhador estava a fazer um trabalho numa prensa que o acabou por decapitar e prender um bra\u00e7o. A v\u00edtima residia na rua das Agras \u2013 Moreira de C\u00f3negos<\/p>\n","protected":false},"excerpt":{"rendered":"<p>Pelas 7 horas e 35 minutos somos\u00a0accionado para a empresa \u201cT\u00eaxtil de Vizela\u201d, para um acidente de trabalho grave. Para o local saiu de imediato a ABSC-06 com 2 bombeiros, que h\u00e1 chegada verificaram que o incidente era na Empresa<\/p>\n","protected":false},"author":2,"featured_media":0,"comment_status":"open","ping_status":"closed","sticky":false,"template":"","format":"standard","meta":{"ngg_post_thumbnail":0,"footnotes":""},"categories":[1],"tags":[],"class_list":["post-1373","post","type-post","status-publish","format-standard","hentry","category-noticias"],"_links":{"self":[{"href":"https:\/\/www.bvvizela.pt\/site\/wp-json\/wp\/v2\/posts\/1373","targetHints":{"allow":["GET"]}}],"collection":[{"href":"https:\/\/www.bvvizela.pt\/site\/wp-json\/wp\/v2\/posts"}],"about":[{"href":"https:\/\/www.bvvizela.pt\/site\/wp-json\/wp\/v2\/types\/post"}],"author":[{"embeddable":true,"href":"https:\/\/www.bvvizela.pt\/site\/wp-json\/wp\/v2\/users\/2"}],"replies":[{"embeddable":true,"href":"https:\/\/www.bvvizela.pt\/site\/wp-json\/wp\/v2\/comments?post=1373"}],"version-history":[{"count":7,"href":"https:\/\/www.bvvizela.pt\/site\/wp-json\/wp\/v2\/posts\/1373\/revisions"}],"predecessor-version":[{"id":1380,"href":"https:\/\/www.bvvizela.pt\/site\/wp-json\/wp\/v2\/posts\/1373\/revisions\/1380"}],"wp:attachment":[{"href":"https:\/\/www.bvvizela.pt\/site\/wp-json\/wp\/v2\/media?parent=1373"}],"wp:term":[{"taxonomy":"category","embeddable":true,"href":"https:\/\/www.bvvizela.pt\/site\/wp-json\/wp\/v2\/categories?post=1373"},{"taxonomy":"post_tag","embeddable":true,"href":"https:\/\/www.bvvizela.pt\/site\/wp-json\/wp\/v2\/tags?post=1373"}],"curies":[{"name":"wp","href":"https:\/\/api.w.org\/{rel}","templated":true}]}}