{"id":1365,"date":"2011-02-18T14:20:03","date_gmt":"2011-02-18T14:20:03","guid":{"rendered":"http:\/\/www.bvvizela.pt\/site\/?p=1365"},"modified":"2011-02-18T14:20:03","modified_gmt":"2011-02-18T14:20:03","slug":"curso-de-desencarceramento","status":"publish","type":"post","link":"https:\/\/www.bvvizela.pt\/site\/curso-de-desencarceramento\/","title":{"rendered":"Curso de Desencarceramento"},"content":{"rendered":"<p>Um grupo de 10 elementos, desta Real Associa\u00e7\u00e3o Humanit\u00e1ria dos Bombeiros Volunt\u00e1rios de Vizela, est\u00e1 a frequentar um curso de Desencarceramento que teve inicio a 11 de Fevereiro e termina a 27 de Fevereiro.<\/p>\n<p>Este \u00e9 um curso obrigat\u00f3rio para o Bombeiros e tem como principal objectivo a simula\u00e7\u00e3o de v\u00e1rias situa\u00e7\u00f5es de acidente (maior vertente para os acidentes rodovi\u00e1rios), para praticar manobras para melhor acesso \u00e0 v\u00edtima e desta forma obter-se um r\u00e1pido inicio de cuidados pr\u00e9-hospitalares e resgate \u00e0s v\u00edtimas.<\/p>\n<p>Com uma dura\u00e7\u00e3o de 50 horas, este curso tem uma forte vertente pr\u00e1tica que ocupar\u00e1 estes 10 elementos durante 3 fins-de-semana completos.<\/p>\nngg_shortcode_0_placeholder\n","protected":false},"excerpt":{"rendered":"<p>Um grupo de 10 elementos, desta Real Associa\u00e7\u00e3o Humanit\u00e1ria dos Bombeiros Volunt\u00e1rios de Vizela, est\u00e1 a frequentar um curso de Desencarceramento que teve inicio a 11 de Fevereiro e termina a 27 de Fevereiro. Este \u00e9 um curso obrigat\u00f3rio para<\/p>\n","protected":false},"author":2,"featured_media":0,"comment_status":"open","ping_status":"closed","sticky":false,"template":"","format":"standard","meta":{"ngg_post_thumbnail":0,"footnotes":""},"categories":[1],"tags":[],"class_list":["post-1365","post","type-post","status-publish","format-standard","hentry","category-noticias"],"_links":{"self":[{"href":"https:\/\/www.bvvizela.pt\/site\/wp-json\/wp\/v2\/posts\/1365","targetHints":{"allow":["GET"]}}],"collection":[{"href":"https:\/\/www.bvvizela.pt\/site\/wp-json\/wp\/v2\/posts"}],"about":[{"href":"https:\/\/www.bvvizela.pt\/site\/wp-json\/wp\/v2\/types\/post"}],"author":[{"embeddable":true,"href":"https:\/\/www.bvvizela.pt\/site\/wp-json\/wp\/v2\/users\/2"}],"replies":[{"embeddable":true,"href":"https:\/\/www.bvvizela.pt\/site\/wp-json\/wp\/v2\/comments?post=1365"}],"version-history":[{"count":1,"href":"https:\/\/www.bvvizela.pt\/site\/wp-json\/wp\/v2\/posts\/1365\/revisions"}],"predecessor-version":[{"id":1366,"href":"https:\/\/www.bvvizela.pt\/site\/wp-json\/wp\/v2\/posts\/1365\/revisions\/1366"}],"wp:attachment":[{"href":"https:\/\/www.bvvizela.pt\/site\/wp-json\/wp\/v2\/media?parent=1365"}],"wp:term":[{"taxonomy":"category","embeddable":true,"href":"https:\/\/www.bvvizela.pt\/site\/wp-json\/wp\/v2\/categories?post=1365"},{"taxonomy":"post_tag","embeddable":true,"href":"https:\/\/www.bvvizela.pt\/site\/wp-json\/wp\/v2\/tags?post=1365"}],"curies":[{"name":"wp","href":"https:\/\/api.w.org\/{rel}","templated":true}]}}