{"id":1354,"date":"2011-02-16T14:17:47","date_gmt":"2011-02-16T14:17:47","guid":{"rendered":"http:\/\/www.bvvizela.pt\/site\/?p=1354"},"modified":"2011-02-24T22:57:40","modified_gmt":"2011-02-24T22:57:40","slug":"alerta-laranja","status":"publish","type":"post","link":"https:\/\/www.bvvizela.pt\/site\/alerta-laranja\/","title":{"rendered":"ALERTA LARANJA"},"content":{"rendered":"<p>A Autoridade Nacional de Protec\u00e7\u00e3o Civil coloca o Distrito de Braga em alerta Laranja, o 4\u00ba numa escala de 5, entre o dia 14 e 17 de Fevereiro.<\/p>\n<p>Neste per\u00edodo poder\u00e3o existir situa\u00e7\u00f5es de grande intensidade de precipita\u00e7\u00e3o de chuva e granizo, com grande probabilidade da forma\u00e7\u00e3o de len\u00e7\u00f3is de \u00e1gua e piso muito escorregadio. Poder\u00e3o ser cortadas estradas devido a queda de \u00e1rvores devido ao vento que pode a ser muito forte.<\/p>\n<p>Est\u00e3o reunidas condi\u00e7\u00f5es a probabilidades de acidentes rodovi\u00e1rios e de cheias em zonas urbanas. Aconselha-se \u00e1 popula\u00e7\u00e3o a m\u00e1xima aten\u00e7\u00e3o e prevenir males maiores.<\/p>\nngg_shortcode_0_placeholder\n","protected":false},"excerpt":{"rendered":"<p>A Autoridade Nacional de Protec\u00e7\u00e3o Civil coloca o Distrito de Braga em alerta Laranja, o 4\u00ba numa escala de 5, entre o dia 14 e 17 de Fevereiro. Neste per\u00edodo poder\u00e3o existir situa\u00e7\u00f5es de grande intensidade de precipita\u00e7\u00e3o de chuva<\/p>\n","protected":false},"author":2,"featured_media":0,"comment_status":"open","ping_status":"closed","sticky":false,"template":"","format":"standard","meta":{"ngg_post_thumbnail":0,"footnotes":""},"categories":[1],"tags":[],"class_list":["post-1354","post","type-post","status-publish","format-standard","hentry","category-noticias"],"_links":{"self":[{"href":"https:\/\/www.bvvizela.pt\/site\/wp-json\/wp\/v2\/posts\/1354","targetHints":{"allow":["GET"]}}],"collection":[{"href":"https:\/\/www.bvvizela.pt\/site\/wp-json\/wp\/v2\/posts"}],"about":[{"href":"https:\/\/www.bvvizela.pt\/site\/wp-json\/wp\/v2\/types\/post"}],"author":[{"embeddable":true,"href":"https:\/\/www.bvvizela.pt\/site\/wp-json\/wp\/v2\/users\/2"}],"replies":[{"embeddable":true,"href":"https:\/\/www.bvvizela.pt\/site\/wp-json\/wp\/v2\/comments?post=1354"}],"version-history":[{"count":6,"href":"https:\/\/www.bvvizela.pt\/site\/wp-json\/wp\/v2\/posts\/1354\/revisions"}],"predecessor-version":[{"id":1404,"href":"https:\/\/www.bvvizela.pt\/site\/wp-json\/wp\/v2\/posts\/1354\/revisions\/1404"}],"wp:attachment":[{"href":"https:\/\/www.bvvizela.pt\/site\/wp-json\/wp\/v2\/media?parent=1354"}],"wp:term":[{"taxonomy":"category","embeddable":true,"href":"https:\/\/www.bvvizela.pt\/site\/wp-json\/wp\/v2\/categories?post=1354"},{"taxonomy":"post_tag","embeddable":true,"href":"https:\/\/www.bvvizela.pt\/site\/wp-json\/wp\/v2\/tags?post=1354"}],"curies":[{"name":"wp","href":"https:\/\/api.w.org\/{rel}","templated":true}]}}