{"id":1350,"date":"2011-02-15T14:10:32","date_gmt":"2011-02-15T14:10:32","guid":{"rendered":"http:\/\/www.bvvizela.pt\/site\/?p=1350"},"modified":"2011-02-22T09:35:43","modified_gmt":"2011-02-22T09:35:43","slug":"incendio-na-%e2%80%9cso-torce%e2%80%9d","status":"publish","type":"post","link":"https:\/\/www.bvvizela.pt\/site\/incendio-na-%e2%80%9cso-torce%e2%80%9d\/","title":{"rendered":"Inc\u00eandio na \u201cSoTorce\u201d"},"content":{"rendered":"<p>Pelas 18 horas e 35 minutos do dia 15 de Fevereiro, \u00e9 dado o alerta de Inc\u00eandio na empresa \u201cS\u00f3 Torce\u201d (grupo MundoTextil) em Lagoas \u2013 St\u00ba Adri\u00e3o.<\/p>\n<p>Para o local foram 5 elementos no VLCI \u2013 04, que encontraram o inc\u00eandio j\u00e1 circunscrito a um tear, que tinha sido apagado pelos funcion\u00e1rios. Fizeram apenas vigil\u00e2ncia no local a fim de evitar poss\u00edveis focos de inc\u00eandio.<\/p>\nngg_shortcode_0_placeholder\n","protected":false},"excerpt":{"rendered":"<p>Pelas 18 horas e 35 minutos do dia 15 de Fevereiro, \u00e9 dado o alerta de Inc\u00eandio na empresa \u201cS\u00f3 Torce\u201d (grupo MundoTextil) em Lagoas \u2013 St\u00ba Adri\u00e3o. Para o local foram 5 elementos no VLCI \u2013 04, que encontraram<\/p>\n","protected":false},"author":2,"featured_media":0,"comment_status":"open","ping_status":"closed","sticky":false,"template":"","format":"standard","meta":{"ngg_post_thumbnail":0,"footnotes":""},"categories":[1],"tags":[],"class_list":["post-1350","post","type-post","status-publish","format-standard","hentry","category-noticias"],"_links":{"self":[{"href":"https:\/\/www.bvvizela.pt\/site\/wp-json\/wp\/v2\/posts\/1350","targetHints":{"allow":["GET"]}}],"collection":[{"href":"https:\/\/www.bvvizela.pt\/site\/wp-json\/wp\/v2\/posts"}],"about":[{"href":"https:\/\/www.bvvizela.pt\/site\/wp-json\/wp\/v2\/types\/post"}],"author":[{"embeddable":true,"href":"https:\/\/www.bvvizela.pt\/site\/wp-json\/wp\/v2\/users\/2"}],"replies":[{"embeddable":true,"href":"https:\/\/www.bvvizela.pt\/site\/wp-json\/wp\/v2\/comments?post=1350"}],"version-history":[{"count":3,"href":"https:\/\/www.bvvizela.pt\/site\/wp-json\/wp\/v2\/posts\/1350\/revisions"}],"predecessor-version":[{"id":1372,"href":"https:\/\/www.bvvizela.pt\/site\/wp-json\/wp\/v2\/posts\/1350\/revisions\/1372"}],"wp:attachment":[{"href":"https:\/\/www.bvvizela.pt\/site\/wp-json\/wp\/v2\/media?parent=1350"}],"wp:term":[{"taxonomy":"category","embeddable":true,"href":"https:\/\/www.bvvizela.pt\/site\/wp-json\/wp\/v2\/categories?post=1350"},{"taxonomy":"post_tag","embeddable":true,"href":"https:\/\/www.bvvizela.pt\/site\/wp-json\/wp\/v2\/tags?post=1350"}],"curies":[{"name":"wp","href":"https:\/\/api.w.org\/{rel}","templated":true}]}}