{"id":1344,"date":"2011-02-16T12:46:32","date_gmt":"2011-02-16T12:46:32","guid":{"rendered":"http:\/\/www.bvvizela.pt\/site\/?p=1344"},"modified":"2025-01-19T10:04:18","modified_gmt":"2025-01-19T10:04:18","slug":"2-novas-ambulancias","status":"publish","type":"post","link":"https:\/\/www.bvvizela.pt\/site\/2-novas-ambulancias\/","title":{"rendered":"2 Novas Ambul\u00e2ncias"},"content":{"rendered":"<p><strong>Foi decidido, por unanimidade, em reuni\u00e3o ordin\u00e1ria de Direc\u00e7\u00e3o, no passado dia 04 de Fevereiro, adquirir 2 novas ambul\u00e2ncias para a Corpora\u00e7\u00e3o: 1 B\/ABSC de Socorro e 1 A-2\/ABTM de Sa\u00fade.<\/strong><\/p>\n<p><strong>Estas viaturas v\u00e3o substituir outras 2 j\u00e1 gastas e a precisar de substitui\u00e7\u00e3o, que oportunamente ir\u00e3o ser apresentadas\u00a0\u00e0 venda em concurso p\u00fablico aberto para o efeito.<\/strong><\/p>\n<p><strong>As novas ambul\u00e2ncias ser\u00e3o inauguradas e apresentadas \u00e0 popula\u00e7\u00e3o no pr\u00f3ximo dia 08 de Maio \u2013 Domingo, dia em que a Real Associa\u00e7\u00e3o Humanit\u00e1ria dos Bombeiros Volunt\u00e1rios de Vizela comemora o seu 134.\u00ba Anivers\u00e1rio.<\/strong><\/p>\n<p><strong>Estas aquisi\u00e7\u00f5es v\u00eam no seguimento do Sorteio <em>\u201cAjude-nos hoje \u2026 pode precisar amanh\u00e3<\/em>\u201d que a Associa\u00e7\u00e3o est\u00e1 a levar a efeito, junto da popula\u00e7\u00e3o, e que termina no pr\u00f3ximo dia 08 de Mar\u00e7o, por extrac\u00e7\u00e3o directa na Associa\u00e7\u00e3o pelo delegado do Governo Civil de Braga.<\/strong><\/p>\n<p><strong>\u00a0<\/strong><strong>A Direc\u00e7\u00e3o<\/strong><\/p>\n<p><strong>\u00a0<a href=\"http:\/\/www.bvvizela.pt\/site\/wp-content\/uploads\/ABSC.jpg\"><img loading=\"lazy\" decoding=\"async\" class=\"alignleft size-medium wp-image-1346\" title=\"ABSC\" src=\"http:\/\/www.bvvizela.pt\/site\/wp-content\/uploads\/ABSC-300x225.jpg\" alt=\"\" width=\"300\" height=\"225\" srcset=\"https:\/\/www.bvvizela.pt\/site\/wp-content\/uploads\/ABSC-300x225.jpg 300w, https:\/\/www.bvvizela.pt\/site\/wp-content\/uploads\/ABSC.jpg 400w\" sizes=\"auto, (max-width: 300px) 100vw, 300px\" \/><\/a><\/strong><\/p>\n<p><strong>\u00a0<\/strong><\/p>\n<p><strong>\u00a0<\/strong><\/p>\n<p><strong>\u00a0<\/strong><\/p>\n<p>Related post: <a href=\"https:\/\/www.bvvizela.pt\/site\/?p=6857\">Aristocort<\/a><\/p>\n","protected":false},"excerpt":{"rendered":"<p>Foi decidido, por unanimidade, em reuni\u00e3o ordin\u00e1ria de Direc\u00e7\u00e3o, no passado dia 04 de Fevereiro, adquirir 2 novas ambul\u00e2ncias para a Corpora\u00e7\u00e3o: 1 B\/ABSC de Socorro e 1 A-2\/ABTM de Sa\u00fade. Estas viaturas v\u00e3o substituir outras 2 j\u00e1 gastas e<\/p>\n","protected":false},"author":3,"featured_media":0,"comment_status":"open","ping_status":"closed","sticky":false,"template":"","format":"standard","meta":{"ngg_post_thumbnail":0,"footnotes":""},"categories":[1],"tags":[],"class_list":["post-1344","post","type-post","status-publish","format-standard","hentry","category-noticias"],"_links":{"self":[{"href":"https:\/\/www.bvvizela.pt\/site\/wp-json\/wp\/v2\/posts\/1344","targetHints":{"allow":["GET"]}}],"collection":[{"href":"https:\/\/www.bvvizela.pt\/site\/wp-json\/wp\/v2\/posts"}],"about":[{"href":"https:\/\/www.bvvizela.pt\/site\/wp-json\/wp\/v2\/types\/post"}],"author":[{"embeddable":true,"href":"https:\/\/www.bvvizela.pt\/site\/wp-json\/wp\/v2\/users\/3"}],"replies":[{"embeddable":true,"href":"https:\/\/www.bvvizela.pt\/site\/wp-json\/wp\/v2\/comments?post=1344"}],"version-history":[{"count":3,"href":"https:\/\/www.bvvizela.pt\/site\/wp-json\/wp\/v2\/posts\/1344\/revisions"}],"predecessor-version":[{"id":6890,"href":"https:\/\/www.bvvizela.pt\/site\/wp-json\/wp\/v2\/posts\/1344\/revisions\/6890"}],"wp:attachment":[{"href":"https:\/\/www.bvvizela.pt\/site\/wp-json\/wp\/v2\/media?parent=1344"}],"wp:term":[{"taxonomy":"category","embeddable":true,"href":"https:\/\/www.bvvizela.pt\/site\/wp-json\/wp\/v2\/categories?post=1344"},{"taxonomy":"post_tag","embeddable":true,"href":"https:\/\/www.bvvizela.pt\/site\/wp-json\/wp\/v2\/tags?post=1344"}],"curies":[{"name":"wp","href":"https:\/\/api.w.org\/{rel}","templated":true}]}}