{"id":1334,"date":"2011-04-05T17:39:35","date_gmt":"2011-04-05T16:39:35","guid":{"rendered":"http:\/\/www.bvvizela.pt\/site\/?p=1334"},"modified":"2011-04-05T21:44:00","modified_gmt":"2011-04-05T20:44:00","slug":"bombeiros-de-vizela-fazem-especializacao","status":"publish","type":"post","link":"https:\/\/www.bvvizela.pt\/site\/bombeiros-de-vizela-fazem-especializacao\/","title":{"rendered":"Bombeiros de Vizela fazem especializa\u00e7\u00e3o"},"content":{"rendered":"<p>5 Elementos dos Bombeiros Volunt\u00e1rios de Vizela, est\u00e3o a frequentar o curso de Equipa de Bombeiros Especial de Combate a Inc\u00eandios Florestais \u2013 EBECIF.<\/p>\n<p>Estes bombeiros, fazem parte de um grupo de 25 elementos do Distrito de Braga, que frequentam um curso de Combate a Inc\u00eandios Florestais, num total de 175 horas.<\/p>\n<p>Este curso tem uma base te\u00f3rica do comportamento de fogo e formas de ataque, te\u00f3rico-pr\u00e1tica de manuseamento de ferramentas e pr\u00e1tica de combate a fogo controlado com fogo real. Tem como base o combate a Inc\u00eandios Florestais com material sapador, essenciais no combate a inc\u00eandios onde os ve\u00edculos n\u00e3o t\u00eam acesso.<\/p>\n<p>Estes 5 elementos v\u00e3o juntar-se a outros 4 elementos que j\u00e1 possuem esta forma\u00e7\u00e3o e outro com forma\u00e7\u00e3o da For\u00e7a Especial de Bombeiros \u201cCanarinhos\u201d.<\/p>\nngg_shortcode_0_placeholder\n","protected":false},"excerpt":{"rendered":"<p>5 Elementos dos Bombeiros Volunt\u00e1rios de Vizela, est\u00e3o a frequentar o curso de Equipa de Bombeiros Especial de Combate a Inc\u00eandios Florestais \u2013 EBECIF. Estes bombeiros, fazem parte de um grupo de 25 elementos do Distrito de Braga, que frequentam<\/p>\n","protected":false},"author":6,"featured_media":0,"comment_status":"open","ping_status":"closed","sticky":false,"template":"","format":"standard","meta":{"ngg_post_thumbnail":0,"footnotes":""},"categories":[1],"tags":[],"class_list":["post-1334","post","type-post","status-publish","format-standard","hentry","category-noticias"],"_links":{"self":[{"href":"https:\/\/www.bvvizela.pt\/site\/wp-json\/wp\/v2\/posts\/1334","targetHints":{"allow":["GET"]}}],"collection":[{"href":"https:\/\/www.bvvizela.pt\/site\/wp-json\/wp\/v2\/posts"}],"about":[{"href":"https:\/\/www.bvvizela.pt\/site\/wp-json\/wp\/v2\/types\/post"}],"author":[{"embeddable":true,"href":"https:\/\/www.bvvizela.pt\/site\/wp-json\/wp\/v2\/users\/6"}],"replies":[{"embeddable":true,"href":"https:\/\/www.bvvizela.pt\/site\/wp-json\/wp\/v2\/comments?post=1334"}],"version-history":[{"count":10,"href":"https:\/\/www.bvvizela.pt\/site\/wp-json\/wp\/v2\/posts\/1334\/revisions"}],"predecessor-version":[{"id":1637,"href":"https:\/\/www.bvvizela.pt\/site\/wp-json\/wp\/v2\/posts\/1334\/revisions\/1637"}],"wp:attachment":[{"href":"https:\/\/www.bvvizela.pt\/site\/wp-json\/wp\/v2\/media?parent=1334"}],"wp:term":[{"taxonomy":"category","embeddable":true,"href":"https:\/\/www.bvvizela.pt\/site\/wp-json\/wp\/v2\/categories?post=1334"},{"taxonomy":"post_tag","embeddable":true,"href":"https:\/\/www.bvvizela.pt\/site\/wp-json\/wp\/v2\/tags?post=1334"}],"curies":[{"name":"wp","href":"https:\/\/api.w.org\/{rel}","templated":true}]}}