{"id":1323,"date":"2011-02-08T14:42:35","date_gmt":"2011-02-08T14:42:35","guid":{"rendered":"http:\/\/www.bvvizela.pt\/site\/?p=1323"},"modified":"2011-02-15T12:56:32","modified_gmt":"2011-02-15T12:56:32","slug":"saida-da-fanfarra-dos-bombeiros-de-vizela","status":"publish","type":"post","link":"https:\/\/www.bvvizela.pt\/site\/saida-da-fanfarra-dos-bombeiros-de-vizela\/","title":{"rendered":"Sa\u00edda da Fanfarra dos Bombeiros de Vizela"},"content":{"rendered":"ngg_shortcode_0_placeholder\n<p>No dia 08 de Mar\u00e7o de 2011 a Fanfarra dos Bombeiros Volunt\u00e1rios de Vizela participar\u00e1 no Corso Carnavalesco da freguesia de Nespereira &#8211; Guimar\u00e3es.<\/p>\n<p>Ao que tudo indica esta ser\u00e1 a segunda sa\u00edda da Fanfarra dos Bombeiros de Vizela neste tipo de acontecimentos.<\/p>\n<p>O desfile ter\u00e1 inicio \u00e1s 15 horas e percorrer\u00e1 algumas ruas da Freguesia de Nespereira.<\/p>\n","protected":false},"excerpt":{"rendered":"<p>No dia 08 de Mar\u00e7o de 2011 a Fanfarra dos Bombeiros Volunt\u00e1rios de Vizela participar\u00e1 no Corso Carnavalesco da freguesia de Nespereira &#8211; Guimar\u00e3es. Ao que tudo indica esta ser\u00e1 a segunda sa\u00edda da Fanfarra dos Bombeiros de Vizela neste<\/p>\n","protected":false},"author":2,"featured_media":0,"comment_status":"open","ping_status":"closed","sticky":false,"template":"","format":"standard","meta":{"ngg_post_thumbnail":0,"footnotes":""},"categories":[1],"tags":[],"class_list":["post-1323","post","type-post","status-publish","format-standard","hentry","category-noticias"],"_links":{"self":[{"href":"https:\/\/www.bvvizela.pt\/site\/wp-json\/wp\/v2\/posts\/1323","targetHints":{"allow":["GET"]}}],"collection":[{"href":"https:\/\/www.bvvizela.pt\/site\/wp-json\/wp\/v2\/posts"}],"about":[{"href":"https:\/\/www.bvvizela.pt\/site\/wp-json\/wp\/v2\/types\/post"}],"author":[{"embeddable":true,"href":"https:\/\/www.bvvizela.pt\/site\/wp-json\/wp\/v2\/users\/2"}],"replies":[{"embeddable":true,"href":"https:\/\/www.bvvizela.pt\/site\/wp-json\/wp\/v2\/comments?post=1323"}],"version-history":[{"count":5,"href":"https:\/\/www.bvvizela.pt\/site\/wp-json\/wp\/v2\/posts\/1323\/revisions"}],"predecessor-version":[{"id":1342,"href":"https:\/\/www.bvvizela.pt\/site\/wp-json\/wp\/v2\/posts\/1323\/revisions\/1342"}],"wp:attachment":[{"href":"https:\/\/www.bvvizela.pt\/site\/wp-json\/wp\/v2\/media?parent=1323"}],"wp:term":[{"taxonomy":"category","embeddable":true,"href":"https:\/\/www.bvvizela.pt\/site\/wp-json\/wp\/v2\/categories?post=1323"},{"taxonomy":"post_tag","embeddable":true,"href":"https:\/\/www.bvvizela.pt\/site\/wp-json\/wp\/v2\/tags?post=1323"}],"curies":[{"name":"wp","href":"https:\/\/api.w.org\/{rel}","templated":true}]}}