{"id":1320,"date":"2011-02-08T14:40:14","date_gmt":"2011-02-08T14:40:14","guid":{"rendered":"http:\/\/www.bvvizela.pt\/site\/?p=1320"},"modified":"2011-02-08T14:40:52","modified_gmt":"2011-02-08T14:40:52","slug":"incendio-florestal-em-alijo-%e2%80%93-infias","status":"publish","type":"post","link":"https:\/\/www.bvvizela.pt\/site\/incendio-florestal-em-alijo-%e2%80%93-infias\/","title":{"rendered":"Inc\u00eandio Florestal em Alij\u00f3 \u2013 Infias"},"content":{"rendered":"<p>Os Bombeiros de Vizela receberam um alerta para um inc\u00eandio florestal em Alij\u00f3 \u2013 Infias pelas 17 horas. Foram para o local 6 bombeiros no VRCI-02 e depararam-se com uma pequena encosta de mato e eucaliptal. Procedeu-se de imediato \u00e0 extin\u00e7\u00e3o do inc\u00eandio que 1 hora ap\u00f3s o alerta estava terminado.<\/p>\n<p>No total o inc\u00eandio consumiu 0,015 ha de Mato e 0,015 ha de Eucalital.<\/p>\n","protected":false},"excerpt":{"rendered":"<p>Os Bombeiros de Vizela receberam um alerta para um inc\u00eandio florestal em Alij\u00f3 \u2013 Infias pelas 17 horas. Foram para o local 6 bombeiros no VRCI-02 e depararam-se com uma pequena encosta de mato e eucaliptal. Procedeu-se de imediato \u00e0<\/p>\n","protected":false},"author":2,"featured_media":0,"comment_status":"open","ping_status":"closed","sticky":false,"template":"","format":"standard","meta":{"ngg_post_thumbnail":0,"footnotes":""},"categories":[1],"tags":[],"class_list":["post-1320","post","type-post","status-publish","format-standard","hentry","category-noticias"],"_links":{"self":[{"href":"https:\/\/www.bvvizela.pt\/site\/wp-json\/wp\/v2\/posts\/1320","targetHints":{"allow":["GET"]}}],"collection":[{"href":"https:\/\/www.bvvizela.pt\/site\/wp-json\/wp\/v2\/posts"}],"about":[{"href":"https:\/\/www.bvvizela.pt\/site\/wp-json\/wp\/v2\/types\/post"}],"author":[{"embeddable":true,"href":"https:\/\/www.bvvizela.pt\/site\/wp-json\/wp\/v2\/users\/2"}],"replies":[{"embeddable":true,"href":"https:\/\/www.bvvizela.pt\/site\/wp-json\/wp\/v2\/comments?post=1320"}],"version-history":[{"count":2,"href":"https:\/\/www.bvvizela.pt\/site\/wp-json\/wp\/v2\/posts\/1320\/revisions"}],"predecessor-version":[{"id":1322,"href":"https:\/\/www.bvvizela.pt\/site\/wp-json\/wp\/v2\/posts\/1320\/revisions\/1322"}],"wp:attachment":[{"href":"https:\/\/www.bvvizela.pt\/site\/wp-json\/wp\/v2\/media?parent=1320"}],"wp:term":[{"taxonomy":"category","embeddable":true,"href":"https:\/\/www.bvvizela.pt\/site\/wp-json\/wp\/v2\/categories?post=1320"},{"taxonomy":"post_tag","embeddable":true,"href":"https:\/\/www.bvvizela.pt\/site\/wp-json\/wp\/v2\/tags?post=1320"}],"curies":[{"name":"wp","href":"https:\/\/api.w.org\/{rel}","templated":true}]}}