{"id":1308,"date":"2011-02-03T16:00:07","date_gmt":"2011-02-03T16:00:07","guid":{"rendered":"http:\/\/www.bvvizela.pt\/site\/?p=1308"},"modified":"2011-02-04T10:02:20","modified_gmt":"2011-02-04T10:02:20","slug":"incendio-em-infias","status":"publish","type":"post","link":"https:\/\/www.bvvizela.pt\/site\/incendio-em-infias\/","title":{"rendered":"Inc\u00eandio em Infias"},"content":{"rendered":"<p>No dia 03 de Fevereiro de 2011, os Bombeiros de Vizela foram accionados, pelas 15:51 horas, pelo Comando Distrital Opera\u00e7\u00f5es de Socorro de Braga, para um inc\u00eandio florestal, na Quinta das Manas, na freguesia de Infias, concelho de Vizela.<\/p>\n<p>De imediato saiu para o local o VRCI 02 com 4 elementos, que ao chegarem ao local e ap\u00f3s reconhecimento efectuado, depararam-se com a exist\u00eancia de um inc\u00eandio com duas frentes, seccionadas por um caminho, \u00a0consumindo sobrantes de eucalipto. As opera\u00e7\u00f5es terminaram por volta das 16:55, tendo este inc\u00eandio consumido uma \u00e1rea de 0,04 ha de sobrantes de eucalipto.<\/p>\n","protected":false},"excerpt":{"rendered":"<p>No dia 03 de Fevereiro de 2011, os Bombeiros de Vizela foram accionados, pelas 15:51 horas, pelo Comando Distrital Opera\u00e7\u00f5es de Socorro de Braga, para um inc\u00eandio florestal, na Quinta das Manas, na freguesia de Infias, concelho de Vizela. De<\/p>\n","protected":false},"author":2,"featured_media":0,"comment_status":"open","ping_status":"closed","sticky":false,"template":"","format":"standard","meta":{"ngg_post_thumbnail":0,"footnotes":""},"categories":[1],"tags":[],"class_list":["post-1308","post","type-post","status-publish","format-standard","hentry","category-noticias"],"_links":{"self":[{"href":"https:\/\/www.bvvizela.pt\/site\/wp-json\/wp\/v2\/posts\/1308","targetHints":{"allow":["GET"]}}],"collection":[{"href":"https:\/\/www.bvvizela.pt\/site\/wp-json\/wp\/v2\/posts"}],"about":[{"href":"https:\/\/www.bvvizela.pt\/site\/wp-json\/wp\/v2\/types\/post"}],"author":[{"embeddable":true,"href":"https:\/\/www.bvvizela.pt\/site\/wp-json\/wp\/v2\/users\/2"}],"replies":[{"embeddable":true,"href":"https:\/\/www.bvvizela.pt\/site\/wp-json\/wp\/v2\/comments?post=1308"}],"version-history":[{"count":2,"href":"https:\/\/www.bvvizela.pt\/site\/wp-json\/wp\/v2\/posts\/1308\/revisions"}],"predecessor-version":[{"id":1311,"href":"https:\/\/www.bvvizela.pt\/site\/wp-json\/wp\/v2\/posts\/1308\/revisions\/1311"}],"wp:attachment":[{"href":"https:\/\/www.bvvizela.pt\/site\/wp-json\/wp\/v2\/media?parent=1308"}],"wp:term":[{"taxonomy":"category","embeddable":true,"href":"https:\/\/www.bvvizela.pt\/site\/wp-json\/wp\/v2\/categories?post=1308"},{"taxonomy":"post_tag","embeddable":true,"href":"https:\/\/www.bvvizela.pt\/site\/wp-json\/wp\/v2\/tags?post=1308"}],"curies":[{"name":"wp","href":"https:\/\/api.w.org\/{rel}","templated":true}]}}