{"id":1295,"date":"2011-02-02T20:39:20","date_gmt":"2011-02-02T20:39:20","guid":{"rendered":"http:\/\/www.bvvizela.pt\/site\/?p=1295"},"modified":"2011-02-02T21:03:10","modified_gmt":"2011-02-02T21:03:10","slug":"formacao-de-salvamento-e-desencarceramento","status":"publish","type":"post","link":"https:\/\/www.bvvizela.pt\/site\/formacao-de-salvamento-e-desencarceramento\/","title":{"rendered":"Forma\u00e7\u00e3o de Salvamento e Desencarceramento"},"content":{"rendered":"<p>Sendo a forma\u00e7\u00e3o uma pedra basilar na actividade dos bombeiros, no passado dia 29 de Janeiro de 2011, 10 elementos dos Bombeiros Volunt\u00e1rios de Vizela receberam forma\u00e7\u00e3o complementar em t\u00e9cnicas de desencarceramento.<\/p>\n<p>A forma\u00e7\u00e3o foi ministrada por Formador da Escola Nacional de Bombeiros, na \u00e1rea de T\u00e9cnicas de Salvamento e Desencarceramento, que muito amavelmente veio \u00e0 Cidade Termal mostrar aos nossos Bombeiros t\u00e9cnicas novas em Desencarceramento.<\/p>\n<p>A forma\u00e7\u00e3o teve a dura\u00e7\u00e3o de 5h, mas fica a sensa\u00e7\u00e3o de, apesar de terem sido insuficientes, ter sido muito proveitosa e muito importante para a actividade dos bombeiros.<\/p>\n<p>No fim-de-semana de 11, 12 e 13 de Fevereiro, come\u00e7ar\u00e1 um novo curso de T\u00e9cnicas de Salvamento e Desencarceramento para mais 10 elementos desta corpora\u00e7\u00e3o, com a dura\u00e7\u00e3o total de 50 horas.<\/p>\nngg_shortcode_0_placeholder\n","protected":false},"excerpt":{"rendered":"<p>Sendo a forma\u00e7\u00e3o uma pedra basilar na actividade dos bombeiros, no passado dia 29 de Janeiro de 2011, 10 elementos dos Bombeiros Volunt\u00e1rios de Vizela receberam forma\u00e7\u00e3o complementar em t\u00e9cnicas de desencarceramento. A forma\u00e7\u00e3o foi ministrada por Formador da Escola<\/p>\n","protected":false},"author":6,"featured_media":0,"comment_status":"open","ping_status":"closed","sticky":false,"template":"","format":"standard","meta":{"ngg_post_thumbnail":0,"footnotes":""},"categories":[1],"tags":[],"class_list":["post-1295","post","type-post","status-publish","format-standard","hentry","category-noticias"],"_links":{"self":[{"href":"https:\/\/www.bvvizela.pt\/site\/wp-json\/wp\/v2\/posts\/1295","targetHints":{"allow":["GET"]}}],"collection":[{"href":"https:\/\/www.bvvizela.pt\/site\/wp-json\/wp\/v2\/posts"}],"about":[{"href":"https:\/\/www.bvvizela.pt\/site\/wp-json\/wp\/v2\/types\/post"}],"author":[{"embeddable":true,"href":"https:\/\/www.bvvizela.pt\/site\/wp-json\/wp\/v2\/users\/6"}],"replies":[{"embeddable":true,"href":"https:\/\/www.bvvizela.pt\/site\/wp-json\/wp\/v2\/comments?post=1295"}],"version-history":[{"count":6,"href":"https:\/\/www.bvvizela.pt\/site\/wp-json\/wp\/v2\/posts\/1295\/revisions"}],"predecessor-version":[{"id":1301,"href":"https:\/\/www.bvvizela.pt\/site\/wp-json\/wp\/v2\/posts\/1295\/revisions\/1301"}],"wp:attachment":[{"href":"https:\/\/www.bvvizela.pt\/site\/wp-json\/wp\/v2\/media?parent=1295"}],"wp:term":[{"taxonomy":"category","embeddable":true,"href":"https:\/\/www.bvvizela.pt\/site\/wp-json\/wp\/v2\/categories?post=1295"},{"taxonomy":"post_tag","embeddable":true,"href":"https:\/\/www.bvvizela.pt\/site\/wp-json\/wp\/v2\/tags?post=1295"}],"curies":[{"name":"wp","href":"https:\/\/api.w.org\/{rel}","templated":true}]}}