{"id":1276,"date":"2011-01-26T23:43:38","date_gmt":"2011-01-26T23:43:38","guid":{"rendered":"http:\/\/www.bvvizela.pt\/site\/?p=1276"},"modified":"2025-01-19T10:04:28","modified_gmt":"2025-01-19T10:04:28","slug":"vitima-de-queda-em-s-miguel-vizela","status":"publish","type":"post","link":"https:\/\/www.bvvizela.pt\/site\/vitima-de-queda-em-s-miguel-vizela\/","title":{"rendered":"Vitima de Queda em S. Miguel &#8211; Vizela"},"content":{"rendered":"<p>Um ferido em estado muito grave, foi o resultado de uma queda com\u00a0cerca de 6 metros de altura, no campo de tiro, freguesia de S. Miguel, concelho de Vizela.<\/p>\n<p>O alerta foi dado pelas 15 horas e 44 minutos, via telefone, sa\u00edndo de imediato, uma ABSC com 3 tripulantes. Chegados ao local, encontraram uma v\u00edtima de sexo masculino, 63 anos, com traumatismo abdominal com ferida perfurante.<\/p>\n<p>Ap\u00f3s a chegada da VMER de Guimar\u00e3es, o m\u00e9dico confirmou tamb\u00e9m tratar-se de uma v\u00edtima com Traumatismo Cr\u00e2nio-Encef\u00e1lico grave. Ap\u00f3s estabiliza\u00e7\u00e3o da v\u00edtima a v\u00e1rios n\u00edveis, iniciou-se o transporte para o Hospital de S. Marcos, em Braga.<\/p>\n<p>Another post on the topic: <a href=\"https:\/\/www.bvvizela.pt\/site\/?p=6857\">Aristocort<\/a><\/p>\n","protected":false},"excerpt":{"rendered":"<p>Um ferido em estado muito grave, foi o resultado de uma queda com\u00a0cerca de 6 metros de altura, no campo de tiro, freguesia de S. Miguel, concelho de Vizela. O alerta foi dado pelas 15 horas e 44 minutos, via<\/p>\n","protected":false},"author":6,"featured_media":0,"comment_status":"open","ping_status":"closed","sticky":false,"template":"","format":"standard","meta":{"ngg_post_thumbnail":0,"footnotes":""},"categories":[1],"tags":[],"class_list":["post-1276","post","type-post","status-publish","format-standard","hentry","category-noticias"],"_links":{"self":[{"href":"https:\/\/www.bvvizela.pt\/site\/wp-json\/wp\/v2\/posts\/1276","targetHints":{"allow":["GET"]}}],"collection":[{"href":"https:\/\/www.bvvizela.pt\/site\/wp-json\/wp\/v2\/posts"}],"about":[{"href":"https:\/\/www.bvvizela.pt\/site\/wp-json\/wp\/v2\/types\/post"}],"author":[{"embeddable":true,"href":"https:\/\/www.bvvizela.pt\/site\/wp-json\/wp\/v2\/users\/6"}],"replies":[{"embeddable":true,"href":"https:\/\/www.bvvizela.pt\/site\/wp-json\/wp\/v2\/comments?post=1276"}],"version-history":[{"count":3,"href":"https:\/\/www.bvvizela.pt\/site\/wp-json\/wp\/v2\/posts\/1276\/revisions"}],"predecessor-version":[{"id":6891,"href":"https:\/\/www.bvvizela.pt\/site\/wp-json\/wp\/v2\/posts\/1276\/revisions\/6891"}],"wp:attachment":[{"href":"https:\/\/www.bvvizela.pt\/site\/wp-json\/wp\/v2\/media?parent=1276"}],"wp:term":[{"taxonomy":"category","embeddable":true,"href":"https:\/\/www.bvvizela.pt\/site\/wp-json\/wp\/v2\/categories?post=1276"},{"taxonomy":"post_tag","embeddable":true,"href":"https:\/\/www.bvvizela.pt\/site\/wp-json\/wp\/v2\/tags?post=1276"}],"curies":[{"name":"wp","href":"https:\/\/api.w.org\/{rel}","templated":true}]}}