{"id":126,"date":"2010-05-25T15:21:31","date_gmt":"2010-05-25T14:21:31","guid":{"rendered":"http:\/\/www.bvvizela.pt\/site\/?p=126"},"modified":"2010-05-27T20:00:29","modified_gmt":"2010-05-27T19:00:29","slug":"concurso-publico-predio-rua-dr-abilio-torrres","status":"publish","type":"post","link":"https:\/\/www.bvvizela.pt\/site\/concurso-publico-predio-rua-dr-abilio-torrres\/","title":{"rendered":"Concurso P\u00fablico Pr\u00e9dio Rua Dr. Ab\u00edlio Torrres"},"content":{"rendered":"<p><a href=\"http:\/\/www.bvvizela.pt\/site\/wp-content\/uploads\/bilioTorres.jpg\"><img loading=\"lazy\" decoding=\"async\" class=\"size-medium wp-image-127 alignleft\" title=\"Predio Rua Dr. AbilioTorres\" src=\"http:\/\/www.bvvizela.pt\/site\/wp-content\/uploads\/bilioTorres-300x279.jpg\" alt=\"\" width=\"192\" height=\"178\" srcset=\"https:\/\/www.bvvizela.pt\/site\/wp-content\/uploads\/bilioTorres-300x279.jpg 300w, https:\/\/www.bvvizela.pt\/site\/wp-content\/uploads\/bilioTorres.jpg 479w\" sizes=\"auto, (max-width: 192px) 100vw, 192px\" \/><\/a>Est\u00e1 aberto, at\u00e9 ao pr\u00f3ximo dia <strong>21 de Junho<\/strong>, concurso para arrendamento\u00a0de frac\u00e7\u00f5es comerciais e de servi\u00e7os do pr\u00e9dio da Rua Dr. Ab\u00edlio Torres.\u00a0Consulte toda a informa\u00e7\u00e3o, incluindo <span style=\"color: #000080;\"><strong>plantas detalhadas<\/strong>\u00a0<\/span>no\u00a0<a href=\"http:\/\/www.bvvizela.pt\/site\/multimedia\/regulamentos\/concurso-publico-predio-rua-dr-abilio-torres\/\">REGULAMENTO DO CONCURSO<\/a>. Em caso de alguma d\u00favida, ou se desejar marcar uma visita, utilize os nossos n\u00fameros de contacto (secretaria).<\/p>\n","protected":false},"excerpt":{"rendered":"<p>Est\u00e1 aberto, at\u00e9 ao pr\u00f3ximo dia 21 de Junho, concurso para arrendamento\u00a0de frac\u00e7\u00f5es comerciais e de servi\u00e7os do pr\u00e9dio da Rua Dr. Ab\u00edlio Torres.\u00a0Consulte toda a informa\u00e7\u00e3o, incluindo plantas detalhadas\u00a0no\u00a0REGULAMENTO DO CONCURSO. Em caso de alguma d\u00favida, ou se desejar<\/p>\n","protected":false},"author":3,"featured_media":0,"comment_status":"open","ping_status":"closed","sticky":false,"template":"","format":"standard","meta":{"ngg_post_thumbnail":0,"footnotes":""},"categories":[1],"tags":[],"class_list":["post-126","post","type-post","status-publish","format-standard","hentry","category-noticias"],"_links":{"self":[{"href":"https:\/\/www.bvvizela.pt\/site\/wp-json\/wp\/v2\/posts\/126","targetHints":{"allow":["GET"]}}],"collection":[{"href":"https:\/\/www.bvvizela.pt\/site\/wp-json\/wp\/v2\/posts"}],"about":[{"href":"https:\/\/www.bvvizela.pt\/site\/wp-json\/wp\/v2\/types\/post"}],"author":[{"embeddable":true,"href":"https:\/\/www.bvvizela.pt\/site\/wp-json\/wp\/v2\/users\/3"}],"replies":[{"embeddable":true,"href":"https:\/\/www.bvvizela.pt\/site\/wp-json\/wp\/v2\/comments?post=126"}],"version-history":[{"count":14,"href":"https:\/\/www.bvvizela.pt\/site\/wp-json\/wp\/v2\/posts\/126\/revisions"}],"predecessor-version":[{"id":130,"href":"https:\/\/www.bvvizela.pt\/site\/wp-json\/wp\/v2\/posts\/126\/revisions\/130"}],"wp:attachment":[{"href":"https:\/\/www.bvvizela.pt\/site\/wp-json\/wp\/v2\/media?parent=126"}],"wp:term":[{"taxonomy":"category","embeddable":true,"href":"https:\/\/www.bvvizela.pt\/site\/wp-json\/wp\/v2\/categories?post=126"},{"taxonomy":"post_tag","embeddable":true,"href":"https:\/\/www.bvvizela.pt\/site\/wp-json\/wp\/v2\/tags?post=126"}],"curies":[{"name":"wp","href":"https:\/\/api.w.org\/{rel}","templated":true}]}}