{"id":1195,"date":"2010-12-21T22:43:03","date_gmt":"2010-12-21T22:43:03","guid":{"rendered":"http:\/\/www.bvvizela.pt\/site\/?p=1195"},"modified":"2010-12-23T09:48:58","modified_gmt":"2010-12-23T09:48:58","slug":"ceia-de-natal-dos-bombeiros-voluntarios-de-vizela","status":"publish","type":"post","link":"https:\/\/www.bvvizela.pt\/site\/ceia-de-natal-dos-bombeiros-voluntarios-de-vizela\/","title":{"rendered":"Ceia de Natal dos Bombeiros Volunt\u00e1rios de Vizela"},"content":{"rendered":"<p>S\u00e1bado, dia 18, foi distribu\u00eddo o tradicional Bodo (cabaz) de Natal a todos os Bombeiros, bem como os doze cabazes sorteados pelas freguesias aos contemplados.<\/p>\nngg_shortcode_0_placeholder\n<p>Para a noite estava agendado o que seria o ponto alto destas celebra\u00e7\u00f5es, num jantar que juntou tr\u00eas centenas de pessoas, desde Bombeiros, Comando, Direc\u00e7\u00e3o e as Comiss\u00f5es de Auxilio desta associa\u00e7\u00e3o centen\u00e1ria.<\/p>\nngg_shortcode_1_placeholder\n<p>As homenagens aos Ccomandantes j\u00e1 falecidos, Fl\u00e1vio Faria, fundador do Natal do Bombeiro, esteve presente para receber tal distin\u00e7\u00e3o o seu filho Eng. Fl\u00e1vio Faria; Mendon\u00e7a Pinto, que dirigiu durante vinte e cinco anos o Natal do Bombeiro, teve o seu filho a representa-lo; de seguida a distin\u00e7\u00e3o coube a Am\u00e9rico Oswvaldo, Comandante no Quadro de Honra da Real Associa\u00e7\u00e3o, que n\u00e3o conteve as l\u00e1grimas ao ouvir as palavras de Paulo F\u00e9lix, Presidente da comiss\u00e3o, destacando o seu percurso de dezanove anos e os seus valores, como comandante e como homem; por fim Rog\u00e9rio Caldas, que foi o ultimo como comandante que dirigiu o Natal do Bombeiro, uma vez que agora \u00e9 feito pelos Bombeiros (uma comiss\u00e3o), recebeu os elogios de ter sido quem implantou a Ceia de Natal. Foi com muita emo\u00e7\u00e3o que se recordou esta tradi\u00e7\u00e3o, reconhecendo o trabalho de quem dirigiu no passado e neles todos os seus cooperantes.<\/p>\nngg_shortcode_2_placeholder\n<p>Mas a noite ainda seria mais acalorada, com a Homenagem feita pelo corpo activo a Maria do Carmo Pedrosa, conhecida por Carminha (Kapa) e nos bombeiros pela Carminha das Flores, por marcar presen\u00e7a ass\u00eddua nas festividades dos Bombeiros, lan\u00e7ando flores a todos quanto s\u00e3o condecorados. Paulo F\u00e9lix destacou-a pela sua humildade e simplicidade, reconhecendo o amor e carinho que tem demonstrado desde a d\u00e9cada de setenta pelos Bombeiros. Foi com a apresenta\u00e7\u00e3o de um v\u00eddeo que se recordaram tempos de outrora, tendo tamb\u00e9m sido lidos versos em homenagem e honra da sua pessoa, pelo director V\u00edtor Monteiro, e sido entregue o diploma de gratid\u00e3o em nome do Corpo Activo, Comando e Direc\u00e7\u00e3o. Este foi o momento mais aguardado e sentido nessa noite.<\/p>\nngg_shortcode_3_placeholder\n<p>Usando da palavra, Sr. Il\u00eddio Costa destacou a import\u00e2ncia da Ceia de Natal, pela participa\u00e7\u00e3o e uni\u00e3o do corpo, com os desejos de um bom Natal e de um novo ano cheio de prosperidade.<\/p>\n<p>Por fim e em silencio, ouviu-se o fado, interpretado pelo grupo de fados Cidade Ber\u00e7o Guimar\u00e3es.<\/p>\n<p>Por fim e por ter terminado o mandato, Paulo F\u00e9lix quis reconhecer a equipa que com ele trabalhou durante estes dois anos e todos os quantos colaboraram para que se atingi-se os objectivos a que se tinham proposto. Em jeito de balan\u00e7o, os objectivos n\u00e3o s\u00f3 foram alcan\u00e7ados como ultrapassados, por isso este era o rosto claro de uma comiss\u00e3o orgulhosa e feliz pelo trabalho realizado.\u00a0O primeiro presidente bombeiro do Bodo de Natal, destacou positivamente toda a celebra\u00e7\u00e3o pelo rigor organizativo e pela entreajuda de todos, fundamentalmente pela equipa que seleccionou para o acompanhar em mais esta miss\u00e3o.<\/p>\nngg_shortcode_4_placeholder\n","protected":false},"excerpt":{"rendered":"<p>S\u00e1bado, dia 18, foi distribu\u00eddo o tradicional Bodo (cabaz) de Natal a todos os Bombeiros, bem como os doze cabazes sorteados pelas freguesias aos contemplados. Para a noite estava agendado o que seria o ponto alto destas celebra\u00e7\u00f5es, num jantar<\/p>\n","protected":false},"author":2,"featured_media":0,"comment_status":"open","ping_status":"closed","sticky":false,"template":"","format":"standard","meta":{"ngg_post_thumbnail":0,"footnotes":""},"categories":[1],"tags":[],"class_list":["post-1195","post","type-post","status-publish","format-standard","hentry","category-noticias"],"_links":{"self":[{"href":"https:\/\/www.bvvizela.pt\/site\/wp-json\/wp\/v2\/posts\/1195","targetHints":{"allow":["GET"]}}],"collection":[{"href":"https:\/\/www.bvvizela.pt\/site\/wp-json\/wp\/v2\/posts"}],"about":[{"href":"https:\/\/www.bvvizela.pt\/site\/wp-json\/wp\/v2\/types\/post"}],"author":[{"embeddable":true,"href":"https:\/\/www.bvvizela.pt\/site\/wp-json\/wp\/v2\/users\/2"}],"replies":[{"embeddable":true,"href":"https:\/\/www.bvvizela.pt\/site\/wp-json\/wp\/v2\/comments?post=1195"}],"version-history":[{"count":9,"href":"https:\/\/www.bvvizela.pt\/site\/wp-json\/wp\/v2\/posts\/1195\/revisions"}],"predecessor-version":[{"id":1198,"href":"https:\/\/www.bvvizela.pt\/site\/wp-json\/wp\/v2\/posts\/1195\/revisions\/1198"}],"wp:attachment":[{"href":"https:\/\/www.bvvizela.pt\/site\/wp-json\/wp\/v2\/media?parent=1195"}],"wp:term":[{"taxonomy":"category","embeddable":true,"href":"https:\/\/www.bvvizela.pt\/site\/wp-json\/wp\/v2\/categories?post=1195"},{"taxonomy":"post_tag","embeddable":true,"href":"https:\/\/www.bvvizela.pt\/site\/wp-json\/wp\/v2\/tags?post=1195"}],"curies":[{"name":"wp","href":"https:\/\/api.w.org\/{rel}","templated":true}]}}