{"id":1184,"date":"2010-12-21T21:24:38","date_gmt":"2010-12-21T21:24:38","guid":{"rendered":"http:\/\/www.bvvizela.pt\/site\/?p=1184"},"modified":"2010-12-21T22:10:02","modified_gmt":"2010-12-21T22:10:02","slug":"comemoracoes-dos-55-anos-do-natal-do-bombeiro","status":"publish","type":"post","link":"https:\/\/www.bvvizela.pt\/site\/comemoracoes-dos-55-anos-do-natal-do-bombeiro\/","title":{"rendered":"Comemora\u00e7\u00f5es dos 55 anos do Natal do Bombeiro"},"content":{"rendered":"<p>Na sexta-feira, dia 17, subiu ao palco a pe\u00e7a de teatro, <em><strong>Karl, o nosso nome \u00e9 Karl,<\/strong><\/em> do grupo de teatro da funda\u00e7\u00e3o Jorge Antunes. Seguidamente tivemos a actua\u00e7\u00e3o do cantor nortenho Z\u00e9 Amaro, que levou ao rubro as mais de trezentas pessoas que n\u00e3o tiveram medo do frio que se fazia sentir.<\/p>\nngg_shortcode_0_placeholder\n<p><em><strong>Karl, o nosso nome \u00e9 Karl<\/strong><\/em><\/p>\n<p><em><strong>ngg_shortcode_1_placeholder<\/strong><\/em><\/p>\n<p><em><strong><br \/>\n<\/strong><\/em><\/p>\n<p><em><strong>Z\u00e9 Amaro<\/strong><\/em><\/p>\n<p><em><strong>ngg_shortcode_2_placeholder<\/strong><\/em><\/p>\n","protected":false},"excerpt":{"rendered":"<p>Na sexta-feira, dia 17, subiu ao palco a pe\u00e7a de teatro, Karl, o nosso nome \u00e9 Karl, do grupo de teatro da funda\u00e7\u00e3o Jorge Antunes. Seguidamente tivemos a actua\u00e7\u00e3o do cantor nortenho Z\u00e9 Amaro, que levou ao rubro as mais<\/p>\n","protected":false},"author":2,"featured_media":0,"comment_status":"open","ping_status":"closed","sticky":false,"template":"","format":"standard","meta":{"ngg_post_thumbnail":0,"footnotes":""},"categories":[1],"tags":[],"class_list":["post-1184","post","type-post","status-publish","format-standard","hentry","category-noticias"],"_links":{"self":[{"href":"https:\/\/www.bvvizela.pt\/site\/wp-json\/wp\/v2\/posts\/1184","targetHints":{"allow":["GET"]}}],"collection":[{"href":"https:\/\/www.bvvizela.pt\/site\/wp-json\/wp\/v2\/posts"}],"about":[{"href":"https:\/\/www.bvvizela.pt\/site\/wp-json\/wp\/v2\/types\/post"}],"author":[{"embeddable":true,"href":"https:\/\/www.bvvizela.pt\/site\/wp-json\/wp\/v2\/users\/2"}],"replies":[{"embeddable":true,"href":"https:\/\/www.bvvizela.pt\/site\/wp-json\/wp\/v2\/comments?post=1184"}],"version-history":[{"count":9,"href":"https:\/\/www.bvvizela.pt\/site\/wp-json\/wp\/v2\/posts\/1184\/revisions"}],"predecessor-version":[{"id":1194,"href":"https:\/\/www.bvvizela.pt\/site\/wp-json\/wp\/v2\/posts\/1184\/revisions\/1194"}],"wp:attachment":[{"href":"https:\/\/www.bvvizela.pt\/site\/wp-json\/wp\/v2\/media?parent=1184"}],"wp:term":[{"taxonomy":"category","embeddable":true,"href":"https:\/\/www.bvvizela.pt\/site\/wp-json\/wp\/v2\/categories?post=1184"},{"taxonomy":"post_tag","embeddable":true,"href":"https:\/\/www.bvvizela.pt\/site\/wp-json\/wp\/v2\/tags?post=1184"}],"curies":[{"name":"wp","href":"https:\/\/api.w.org\/{rel}","templated":true}]}}