{"id":1177,"date":"2010-12-21T14:10:12","date_gmt":"2010-12-21T14:10:12","guid":{"rendered":"http:\/\/www.bvvizela.pt\/site\/?p=1177"},"modified":"2010-12-21T14:17:02","modified_gmt":"2010-12-21T14:17:02","slug":"faleceu-jose-pedrosa-junior","status":"publish","type":"post","link":"https:\/\/www.bvvizela.pt\/site\/faleceu-jose-pedrosa-junior\/","title":{"rendered":"Faleceu Jos\u00e9 Pedrosa J\u00fanior"},"content":{"rendered":"ngg_shortcode_0_placeholder\n<p>Jos\u00e9 Pedrosa J\u00fanior nascido a 09 de Setembro de 1927. Entrou para a Real Associa\u00e7\u00e3o Humanit\u00e1ria dos Bombeiros Volunt\u00e1rios de Vizela a 02 de Janeiro de 1976, onde esteve durante 23 anos e 10 meses, no quadro auxiliar de motoristas.<\/p>\n<p>Com 83 anos de idade deixou-nos, levando consigo muitas das alegrias que deu durante a sua vida aos outros.<\/p>\n<p>A toda a fam\u00edlia enlutada, de todos os Corpos Sociais, do Comando e de todo o Corpo Activo, os nossos sentidos p\u00easames.<\/p>\n","protected":false},"excerpt":{"rendered":"<p>Jos\u00e9 Pedrosa J\u00fanior nascido a 09 de Setembro de 1927. Entrou para a Real Associa\u00e7\u00e3o Humanit\u00e1ria dos Bombeiros Volunt\u00e1rios de Vizela a 02 de Janeiro de 1976, onde esteve durante 23 anos e 10 meses, no quadro auxiliar de motoristas.<\/p>\n","protected":false},"author":6,"featured_media":0,"comment_status":"open","ping_status":"closed","sticky":false,"template":"","format":"standard","meta":{"ngg_post_thumbnail":0,"footnotes":""},"categories":[1],"tags":[],"class_list":["post-1177","post","type-post","status-publish","format-standard","hentry","category-noticias"],"_links":{"self":[{"href":"https:\/\/www.bvvizela.pt\/site\/wp-json\/wp\/v2\/posts\/1177","targetHints":{"allow":["GET"]}}],"collection":[{"href":"https:\/\/www.bvvizela.pt\/site\/wp-json\/wp\/v2\/posts"}],"about":[{"href":"https:\/\/www.bvvizela.pt\/site\/wp-json\/wp\/v2\/types\/post"}],"author":[{"embeddable":true,"href":"https:\/\/www.bvvizela.pt\/site\/wp-json\/wp\/v2\/users\/6"}],"replies":[{"embeddable":true,"href":"https:\/\/www.bvvizela.pt\/site\/wp-json\/wp\/v2\/comments?post=1177"}],"version-history":[{"count":5,"href":"https:\/\/www.bvvizela.pt\/site\/wp-json\/wp\/v2\/posts\/1177\/revisions"}],"predecessor-version":[{"id":1181,"href":"https:\/\/www.bvvizela.pt\/site\/wp-json\/wp\/v2\/posts\/1177\/revisions\/1181"}],"wp:attachment":[{"href":"https:\/\/www.bvvizela.pt\/site\/wp-json\/wp\/v2\/media?parent=1177"}],"wp:term":[{"taxonomy":"category","embeddable":true,"href":"https:\/\/www.bvvizela.pt\/site\/wp-json\/wp\/v2\/categories?post=1177"},{"taxonomy":"post_tag","embeddable":true,"href":"https:\/\/www.bvvizela.pt\/site\/wp-json\/wp\/v2\/tags?post=1177"}],"curies":[{"name":"wp","href":"https:\/\/api.w.org\/{rel}","templated":true}]}}