{"id":1153,"date":"2010-12-16T18:11:52","date_gmt":"2010-12-16T18:11:52","guid":{"rendered":"http:\/\/www.bvvizela.pt\/site\/?p=1153"},"modified":"2011-01-20T17:32:18","modified_gmt":"2011-01-20T17:32:18","slug":"festa-de-natal","status":"publish","type":"post","link":"https:\/\/www.bvvizela.pt\/site\/festa-de-natal\/","title":{"rendered":"Festa de Natal"},"content":{"rendered":"<p style=\"text-align: justify;\">Domingo, dia 19 de Dezembro, pelas 11:00 horas realiza-se a tradicional Festa de Natal para todos os filhos dos bombeiros, elementos dos corpos sociais e funcion\u00e1rios da Associa\u00e7\u00e3o.<\/p>\n<p style=\"text-align: justify;\">Anima\u00e7\u00e3o com bal\u00f5es e pinturas faciais e entrega de presentes &#8211; no Audit\u00f3rio da Associa\u00e7\u00e3o.<\/p>\n<p style=\"text-align: justify;\"><a href=\"http:\/\/www.bvvizela.pt\/site\/wp-content\/uploads\/natal-bombeiros-2010.jpg\"><img loading=\"lazy\" decoding=\"async\" class=\"alignleft size-medium wp-image-1156\" title=\"natal bombeiros 2010\" src=\"http:\/\/www.bvvizela.pt\/site\/wp-content\/uploads\/natal-bombeiros-2010-300x225.jpg\" alt=\"\" width=\"300\" height=\"225\" \/><\/a><a href=\"http:\/\/www.bvvizela.pt\/site\/wp-content\/uploads\/natal-bombeiros-2010.pdf\"><\/a><\/p>\n<p style=\"text-align: justify;\">\n","protected":false},"excerpt":{"rendered":"<p>Domingo, dia 19 de Dezembro, pelas 11:00 horas realiza-se a tradicional Festa de Natal para todos os filhos dos bombeiros, elementos dos corpos sociais e funcion\u00e1rios da Associa\u00e7\u00e3o. Anima\u00e7\u00e3o com bal\u00f5es e pinturas faciais e entrega de presentes &#8211; no<\/p>\n","protected":false},"author":6,"featured_media":0,"comment_status":"open","ping_status":"closed","sticky":false,"template":"","format":"standard","meta":{"ngg_post_thumbnail":0,"footnotes":""},"categories":[1],"tags":[],"class_list":["post-1153","post","type-post","status-publish","format-standard","hentry","category-noticias"],"_links":{"self":[{"href":"https:\/\/www.bvvizela.pt\/site\/wp-json\/wp\/v2\/posts\/1153","targetHints":{"allow":["GET"]}}],"collection":[{"href":"https:\/\/www.bvvizela.pt\/site\/wp-json\/wp\/v2\/posts"}],"about":[{"href":"https:\/\/www.bvvizela.pt\/site\/wp-json\/wp\/v2\/types\/post"}],"author":[{"embeddable":true,"href":"https:\/\/www.bvvizela.pt\/site\/wp-json\/wp\/v2\/users\/6"}],"replies":[{"embeddable":true,"href":"https:\/\/www.bvvizela.pt\/site\/wp-json\/wp\/v2\/comments?post=1153"}],"version-history":[{"count":8,"href":"https:\/\/www.bvvizela.pt\/site\/wp-json\/wp\/v2\/posts\/1153\/revisions"}],"predecessor-version":[{"id":1253,"href":"https:\/\/www.bvvizela.pt\/site\/wp-json\/wp\/v2\/posts\/1153\/revisions\/1253"}],"wp:attachment":[{"href":"https:\/\/www.bvvizela.pt\/site\/wp-json\/wp\/v2\/media?parent=1153"}],"wp:term":[{"taxonomy":"category","embeddable":true,"href":"https:\/\/www.bvvizela.pt\/site\/wp-json\/wp\/v2\/categories?post=1153"},{"taxonomy":"post_tag","embeddable":true,"href":"https:\/\/www.bvvizela.pt\/site\/wp-json\/wp\/v2\/tags?post=1153"}],"curies":[{"name":"wp","href":"https:\/\/api.w.org\/{rel}","templated":true}]}}