{"id":1130,"date":"2010-12-10T20:38:56","date_gmt":"2010-12-10T20:38:56","guid":{"rendered":"http:\/\/www.bvvizela.pt\/site\/?p=1130"},"modified":"2011-01-20T17:33:00","modified_gmt":"2011-01-20T17:33:00","slug":"grupo-de-teatro-e-ze-amaro-nos-festejos-de-natal-dos-bombeiros-voluntarios-de-vizela","status":"publish","type":"post","link":"https:\/\/www.bvvizela.pt\/site\/grupo-de-teatro-e-ze-amaro-nos-festejos-de-natal-dos-bombeiros-voluntarios-de-vizela\/","title":{"rendered":"Grupo de Teatro e Z\u00e9 Amaro nos Festejos do Natal do Bombeiro"},"content":{"rendered":"<p style=\"text-align: center;\">ngg_shortcode_0_placeholder<\/p>\n<p>Comemoramos este ano, 55 anos da festa realizada para distribui\u00e7\u00e3o do Bodo de Natal, nos Bombeiros Volunt\u00e1rios de Vizela.<\/p>\n<p>Para al\u00e9m da cerim\u00f3nia habitual, no dia 18 de Dezembro, ir\u00e1 decorrer no dia 17, sexta-feira, uma actua\u00e7\u00e3o do Grupo de Teatro da Funda\u00e7\u00e3o Jorge Antunes, com a pe\u00e7a<strong> &#8220;Karl, O nosso nome \u00e9 Karl&#8221;<\/strong>, pelas 21h, sendo esta seguida da actua\u00e7\u00e3o do cantor Z\u00e9 Amaro.<\/p>\n<p>Convidamos toda a popula\u00e7\u00e3o a juntar-se a n\u00f3s nestas celebra\u00e7\u00f5es!<\/p>\nngg_shortcode_1_placeholder\nngg_shortcode_2_placeholder\n","protected":false},"excerpt":{"rendered":"<p>Comemoramos este ano, 55 anos da festa realizada para distribui\u00e7\u00e3o do Bodo de Natal, nos Bombeiros Volunt\u00e1rios de Vizela. Para al\u00e9m da cerim\u00f3nia habitual, no dia 18 de Dezembro, ir\u00e1 decorrer no dia 17, sexta-feira, uma actua\u00e7\u00e3o do Grupo de<\/p>\n","protected":false},"author":6,"featured_media":0,"comment_status":"open","ping_status":"closed","sticky":false,"template":"","format":"standard","meta":{"ngg_post_thumbnail":0,"footnotes":""},"categories":[1],"tags":[],"class_list":["post-1130","post","type-post","status-publish","format-standard","hentry","category-noticias"],"_links":{"self":[{"href":"https:\/\/www.bvvizela.pt\/site\/wp-json\/wp\/v2\/posts\/1130","targetHints":{"allow":["GET"]}}],"collection":[{"href":"https:\/\/www.bvvizela.pt\/site\/wp-json\/wp\/v2\/posts"}],"about":[{"href":"https:\/\/www.bvvizela.pt\/site\/wp-json\/wp\/v2\/types\/post"}],"author":[{"embeddable":true,"href":"https:\/\/www.bvvizela.pt\/site\/wp-json\/wp\/v2\/users\/6"}],"replies":[{"embeddable":true,"href":"https:\/\/www.bvvizela.pt\/site\/wp-json\/wp\/v2\/comments?post=1130"}],"version-history":[{"count":11,"href":"https:\/\/www.bvvizela.pt\/site\/wp-json\/wp\/v2\/posts\/1130\/revisions"}],"predecessor-version":[{"id":1134,"href":"https:\/\/www.bvvizela.pt\/site\/wp-json\/wp\/v2\/posts\/1130\/revisions\/1134"}],"wp:attachment":[{"href":"https:\/\/www.bvvizela.pt\/site\/wp-json\/wp\/v2\/media?parent=1130"}],"wp:term":[{"taxonomy":"category","embeddable":true,"href":"https:\/\/www.bvvizela.pt\/site\/wp-json\/wp\/v2\/categories?post=1130"},{"taxonomy":"post_tag","embeddable":true,"href":"https:\/\/www.bvvizela.pt\/site\/wp-json\/wp\/v2\/tags?post=1130"}],"curies":[{"name":"wp","href":"https:\/\/api.w.org\/{rel}","templated":true}]}}