{"id":1110,"date":"2010-12-03T01:02:46","date_gmt":"2010-12-03T01:02:46","guid":{"rendered":"http:\/\/www.bvvizela.pt\/site\/?p=1110"},"modified":"2010-12-03T01:07:22","modified_gmt":"2010-12-03T01:07:22","slug":"b-v-cafe-remodelado","status":"publish","type":"post","link":"https:\/\/www.bvvizela.pt\/site\/b-v-cafe-remodelado\/","title":{"rendered":"b.v.caf\u00e9 Remodelado"},"content":{"rendered":"<p>Fazendo parte do edif\u00edcio sede (Quartel) da Real Associa\u00e7\u00e3o Humanit\u00e1ria dos Bombeiros Volunt\u00e1rios de Vizela, o Bar, de nome \u201c<strong><em>b. v. caf\u00e9<\/em><\/strong>\u201d, foi criado, com o objectivo de servir uma popula\u00e7\u00e3o que, de alguma forma, se sente ligada \u00e0 associa\u00e7\u00e3o e \u00e0 corpora\u00e7\u00e3o que a mesma representa e que possui.<\/p>\n<p>Recentemente efectuadas obras de reabilita\u00e7\u00e3o, numa arquitectura sempre actual, pretende-se manter um agrad\u00e1vel espa\u00e7o que sirva todos aqueles que procuram momentos c\u00f3modos, de agrad\u00e1vel bem-estar e de bom conv\u00edvio.<\/p>\n<p>Para al\u00e9m de uma sala de estar, possui uma zona dedicada ao lazer.<\/p>\n<p>Servir bem ser\u00e1 sempre o lema da associa\u00e7\u00e3o. A sua estimada visita ajudar-nos-\u00e1 a manter esta nossa pretens\u00e3o.<\/p>\n<p><a href=\"http:\/\/www.bvvizela.pt\/site\/wp-content\/uploads\/cafe_ext.jpg\"><img loading=\"lazy\" decoding=\"async\" class=\"alignleft size-medium wp-image-1111\" title=\"cafe_ext\" src=\"http:\/\/www.bvvizela.pt\/site\/wp-content\/uploads\/cafe_ext-300x225.jpg\" alt=\"\" width=\"300\" height=\"225\" srcset=\"https:\/\/www.bvvizela.pt\/site\/wp-content\/uploads\/cafe_ext-300x225.jpg 300w, https:\/\/www.bvvizela.pt\/site\/wp-content\/uploads\/cafe_ext.jpg 800w\" sizes=\"auto, (max-width: 300px) 100vw, 300px\" \/><\/a><a href=\"http:\/\/www.bvvizela.pt\/site\/wp-content\/uploads\/cafe_balcao.jpg\"><\/a><\/p>\n<p><a href=\"http:\/\/www.bvvizela.pt\/site\/wp-content\/uploads\/cafe_balcao1.jpg\"><img loading=\"lazy\" decoding=\"async\" class=\"alignleft size-medium wp-image-1113\" title=\"cafe_balcao\" src=\"http:\/\/www.bvvizela.pt\/site\/wp-content\/uploads\/cafe_balcao1-300x225.jpg\" alt=\"\" width=\"300\" height=\"225\" srcset=\"https:\/\/www.bvvizela.pt\/site\/wp-content\/uploads\/cafe_balcao1-300x225.jpg 300w, https:\/\/www.bvvizela.pt\/site\/wp-content\/uploads\/cafe_balcao1.jpg 800w\" sizes=\"auto, (max-width: 300px) 100vw, 300px\" \/><\/a><\/p>\n<p><a href=\"http:\/\/www.bvvizela.pt\/site\/wp-content\/uploads\/cafe_sala.jpg\"><img loading=\"lazy\" decoding=\"async\" class=\"alignleft size-medium wp-image-1114\" title=\"cafe_sala\" src=\"http:\/\/www.bvvizela.pt\/site\/wp-content\/uploads\/cafe_sala-300x225.jpg\" alt=\"\" width=\"300\" height=\"225\" srcset=\"https:\/\/www.bvvizela.pt\/site\/wp-content\/uploads\/cafe_sala-300x225.jpg 300w, https:\/\/www.bvvizela.pt\/site\/wp-content\/uploads\/cafe_sala.jpg 800w\" sizes=\"auto, (max-width: 300px) 100vw, 300px\" \/><\/a><\/p>\n<p><a href=\"http:\/\/www.bvvizela.pt\/site\/wp-content\/uploads\/cafe_lazer.jpg\"><img loading=\"lazy\" decoding=\"async\" class=\"alignleft size-medium wp-image-1115\" title=\"cafe_lazer\" src=\"http:\/\/www.bvvizela.pt\/site\/wp-content\/uploads\/cafe_lazer-300x225.jpg\" alt=\"\" width=\"300\" height=\"225\" srcset=\"https:\/\/www.bvvizela.pt\/site\/wp-content\/uploads\/cafe_lazer-300x225.jpg 300w, https:\/\/www.bvvizela.pt\/site\/wp-content\/uploads\/cafe_lazer.jpg 800w\" sizes=\"auto, (max-width: 300px) 100vw, 300px\" \/><\/a><\/p>\n","protected":false},"excerpt":{"rendered":"<p>Fazendo parte do edif\u00edcio sede (Quartel) da Real Associa\u00e7\u00e3o Humanit\u00e1ria dos Bombeiros Volunt\u00e1rios de Vizela, o Bar, de nome \u201cb. v. caf\u00e9\u201d, foi criado, com o objectivo de servir uma popula\u00e7\u00e3o que, de alguma forma, se sente ligada \u00e0 associa\u00e7\u00e3o<\/p>\n","protected":false},"author":3,"featured_media":0,"comment_status":"open","ping_status":"closed","sticky":false,"template":"","format":"standard","meta":{"ngg_post_thumbnail":0,"footnotes":""},"categories":[1],"tags":[],"class_list":["post-1110","post","type-post","status-publish","format-standard","hentry","category-noticias"],"_links":{"self":[{"href":"https:\/\/www.bvvizela.pt\/site\/wp-json\/wp\/v2\/posts\/1110","targetHints":{"allow":["GET"]}}],"collection":[{"href":"https:\/\/www.bvvizela.pt\/site\/wp-json\/wp\/v2\/posts"}],"about":[{"href":"https:\/\/www.bvvizela.pt\/site\/wp-json\/wp\/v2\/types\/post"}],"author":[{"embeddable":true,"href":"https:\/\/www.bvvizela.pt\/site\/wp-json\/wp\/v2\/users\/3"}],"replies":[{"embeddable":true,"href":"https:\/\/www.bvvizela.pt\/site\/wp-json\/wp\/v2\/comments?post=1110"}],"version-history":[{"count":5,"href":"https:\/\/www.bvvizela.pt\/site\/wp-json\/wp\/v2\/posts\/1110\/revisions"}],"predecessor-version":[{"id":1119,"href":"https:\/\/www.bvvizela.pt\/site\/wp-json\/wp\/v2\/posts\/1110\/revisions\/1119"}],"wp:attachment":[{"href":"https:\/\/www.bvvizela.pt\/site\/wp-json\/wp\/v2\/media?parent=1110"}],"wp:term":[{"taxonomy":"category","embeddable":true,"href":"https:\/\/www.bvvizela.pt\/site\/wp-json\/wp\/v2\/categories?post=1110"},{"taxonomy":"post_tag","embeddable":true,"href":"https:\/\/www.bvvizela.pt\/site\/wp-json\/wp\/v2\/tags?post=1110"}],"curies":[{"name":"wp","href":"https:\/\/api.w.org\/{rel}","templated":true}]}}