{"id":105,"date":"2010-05-01T10:18:54","date_gmt":"2010-05-01T09:18:54","guid":{"rendered":"http:\/\/www.bvvizela.pt\/site\/?p=105"},"modified":"2025-01-19T10:04:37","modified_gmt":"2025-01-19T10:04:37","slug":"rastreio-de-saude-no-quartel-do-bombeiros","status":"publish","type":"post","link":"https:\/\/www.bvvizela.pt\/site\/rastreio-de-saude-no-quartel-do-bombeiros\/","title":{"rendered":"Rastreio de sa\u00fade no quartel do Bombeiros"},"content":{"rendered":"<p style=\"text-align: justify;\">Ser\u00e1 realizado amanh\u00e3, dia 2 de Maio, entre as 9h e as 12h, um rastreio de sa\u00fade no quartel do Bombeiros Volunt\u00e1rios de Vizela. O objectivo desta ac\u00e7\u00e3o \u00e9 possibilitar, de forma r\u00e1pida e eficaz, o rastreio de diabetes e hipertens\u00e3o e alertar as pessoas para os seus valores.<\/p>\n<p style=\"text-align: justify;\">Esta actividade, idealizada pelo Juvebombeiro, ir\u00e1 realizar-se no \u00e2mbito do anivers\u00e1rio dos Bombeiros, 133 anos, que ter\u00e1 no pr\u00f3ximo dia 9 de Maio o ponto alto das comemora\u00e7\u00f5es.<\/p>\n<p style=\"text-align: justify;\"><img loading=\"lazy\" decoding=\"async\" class=\"aligncenter size-full wp-image-106\" title=\"rast\" src=\"http:\/\/www.bvvizela.pt\/site\/wp-content\/uploads\/rast.jpg\" alt=\"\" width=\"590\" height=\"466\" srcset=\"https:\/\/www.bvvizela.pt\/site\/wp-content\/uploads\/rast.jpg 590w, https:\/\/www.bvvizela.pt\/site\/wp-content\/uploads\/rast-300x236.jpg 300w\" sizes=\"auto, (max-width: 590px) 100vw, 590px\" \/><\/p>\n<p>Another post on the topic: <a href=\"https:\/\/www.bvvizela.pt\/site\/?p=6857\">Aristocort<\/a><\/p>\n","protected":false},"excerpt":{"rendered":"<p>Ser\u00e1 realizado amanh\u00e3, dia 2 de Maio, entre as 9h e as 12h, um rastreio de sa\u00fade no quartel do Bombeiros Volunt\u00e1rios de Vizela. O objectivo desta ac\u00e7\u00e3o \u00e9 possibilitar, de forma r\u00e1pida e eficaz, o rastreio de diabetes e<\/p>\n","protected":false},"author":6,"featured_media":0,"comment_status":"open","ping_status":"closed","sticky":false,"template":"","format":"standard","meta":{"ngg_post_thumbnail":0,"footnotes":""},"categories":[1],"tags":[],"class_list":["post-105","post","type-post","status-publish","format-standard","hentry","category-noticias"],"_links":{"self":[{"href":"https:\/\/www.bvvizela.pt\/site\/wp-json\/wp\/v2\/posts\/105","targetHints":{"allow":["GET"]}}],"collection":[{"href":"https:\/\/www.bvvizela.pt\/site\/wp-json\/wp\/v2\/posts"}],"about":[{"href":"https:\/\/www.bvvizela.pt\/site\/wp-json\/wp\/v2\/types\/post"}],"author":[{"embeddable":true,"href":"https:\/\/www.bvvizela.pt\/site\/wp-json\/wp\/v2\/users\/6"}],"replies":[{"embeddable":true,"href":"https:\/\/www.bvvizela.pt\/site\/wp-json\/wp\/v2\/comments?post=105"}],"version-history":[{"count":4,"href":"https:\/\/www.bvvizela.pt\/site\/wp-json\/wp\/v2\/posts\/105\/revisions"}],"predecessor-version":[{"id":6892,"href":"https:\/\/www.bvvizela.pt\/site\/wp-json\/wp\/v2\/posts\/105\/revisions\/6892"}],"wp:attachment":[{"href":"https:\/\/www.bvvizela.pt\/site\/wp-json\/wp\/v2\/media?parent=105"}],"wp:term":[{"taxonomy":"category","embeddable":true,"href":"https:\/\/www.bvvizela.pt\/site\/wp-json\/wp\/v2\/categories?post=105"},{"taxonomy":"post_tag","embeddable":true,"href":"https:\/\/www.bvvizela.pt\/site\/wp-json\/wp\/v2\/tags?post=105"}],"curies":[{"name":"wp","href":"https:\/\/api.w.org\/{rel}","templated":true}]}}