{"id":1013,"date":"2010-11-18T21:06:54","date_gmt":"2010-11-18T21:06:54","guid":{"rendered":"http:\/\/www.bvvizela.pt\/site\/?p=1013"},"modified":"2011-05-01T18:22:40","modified_gmt":"2011-05-01T17:22:40","slug":"sorteio-ajude-nos-hoje-pois-pode-precisar-amanha","status":"publish","type":"post","link":"https:\/\/www.bvvizela.pt\/site\/sorteio-ajude-nos-hoje-pois-pode-precisar-amanha\/","title":{"rendered":"Sorteio &#8211; Ajude-nos hoje, pode precisar amanh\u00e3."},"content":{"rendered":"<p style=\"text-align: left;\">ngg_shortcode_0_placeholder<\/p>\n<p style=\"text-align: justify;\">\n<p style=\"text-align: justify;\"><strong>A Real Associa\u00e7\u00e3o Humanit\u00e1ria dos Bombeiros Volunt\u00e1rios de Vizela acabou de lan\u00e7ar um SORTEIO, no passado dia 13 do corrente, com o slogan <em>\u201cajude-nos, hoje \u2026 pode precisar amanh\u00e3\u201d, que<\/em> se destina a comparticipar a aquisi\u00e7\u00e3o de uma ambul\u00e2ncia de socorro no valor de aproximadamente 50.000,00 <\/strong><strong>euros.<\/strong><\/p>\n<p style=\"text-align: justify;\"><strong> <\/strong><\/p>\n<p style=\"text-align: justify;\"><strong>O referido sorteio segue-se \u00e0 informa\u00e7\u00e3o do Presidente da Direc\u00e7\u00e3o, do passado dia 29 de Outubro, aquando da realiza\u00e7\u00e3o da Assembleia Geral da Associa\u00e7\u00e3o que aprovou o Plano de Actividades e o Or\u00e7amento para o pr\u00f3ximo ano de 2011, em que claramente destacou a necessidade da manuten\u00e7\u00e3o da reestrutura\u00e7\u00e3o de algumas das viaturas em servi\u00e7o na Corpora\u00e7\u00e3o.<\/strong><\/p>\n<p style=\"text-align: justify;\"><strong> <\/strong><\/p>\n<p style=\"text-align: justify;\"><strong>Trata-se de um investimento necess\u00e1rio e de grande relev\u00e2ncia para o socorro que, em cada dia que passa, se imp\u00f5e de uma forma mais marcante, nunca sabendo mesmo a quem poder\u00e1 ser prestado e necess\u00e1rio no dia de amanh\u00e3. <\/strong><\/p>\n<p style=\"text-align: justify;\"><strong> <\/strong><\/p>\n<p style=\"text-align: justify;\"><strong>Estamos muito pr\u00f3ximos do Natal e os nossos bombeiros nada mais pedem a toda a popula\u00e7\u00e3o do que a sua generosidade e a sua comparticipa\u00e7\u00e3o: cada rifa custa apenas 1 euro.<\/strong><\/p>\n<p style=\"text-align: justify;\"><strong> <\/strong><\/p>\n<p style=\"text-align: justify;\"><strong>A campanha do sorteio vai prolongar-se at\u00e9 ao Carnaval, em 08 de Mar\u00e7o de 2011, sendo feita por abordagem individual, ao com\u00e9rcio, \u00e0 ind\u00fastria e \u00e0 porta das igrejas e dos supermercados, <\/strong><\/p>\n<p style=\"text-align: justify;\"><strong> <\/strong><\/p>\n<p style=\"text-align: justify;\"><strong>Relativamente \u00e0 empresa de que o Sr. \u2026 \u00e9 gestor \/ administrador, permitimo-nos requerer a sua colabora\u00e7\u00e3o e sua generosidade, tamb\u00e9m; a sua comparticipa\u00e7\u00e3o financeira ser\u00e1 sempre pass\u00edvel de um recibo de quita\u00e7\u00e3o que poder\u00e1 abater directamente \u00e0 sua colecta.<\/strong><\/p>\n<p style=\"text-align: justify;\"><strong> <\/strong><\/p>\n<p style=\"text-align: justify;\"><strong>Os pr\u00e9mios a sortear (uma viagem de 1 semana + 1 LCD + 1 bicicleta) ter\u00e3o a sua extrac\u00e7\u00e3o no pr\u00f3ximo dia 09 de Mar\u00e7o de 2011, no audit\u00f3rio da Associa\u00e7\u00e3o, em sess\u00e3o preparada para o efeito, com a presen\u00e7a dum representante do Governo Civil de Braga; no acto poder\u00e3o estar presentes as pessoas que quiserem, inclusive a Comunica\u00e7\u00e3o Social.<\/strong><\/p>\n<p><strong> <\/strong><\/p>\n<p><strong>Colabore connosco nesta campanha e: <em>ajude-nos, hoje, pois pode precisar, amanh\u00e3.<\/em><\/strong><\/p>\n<p><strong><em> <\/em><\/strong><\/p>\n<p><strong><em> <\/em><\/strong><\/p>\n<p><strong><em> <\/em><\/strong><\/p>\n<p style=\"text-align: center;\"><strong><em> <\/em><\/strong><strong>Vizela, 15 de Novembro de 2010<\/strong><\/p>\n<p style=\"text-align: center;\"><strong> <\/strong><\/p>\n<p style=\"text-align: center;\"><strong> <\/strong><strong> A Direc\u00e7\u00e3o<\/strong><\/p>\n","protected":false},"excerpt":{"rendered":"<p>A Real Associa\u00e7\u00e3o Humanit\u00e1ria dos Bombeiros Volunt\u00e1rios de Vizela acabou de lan\u00e7ar um SORTEIO, no passado dia 13 do corrente, com o slogan \u201cajude-nos, hoje \u2026 pode precisar amanh\u00e3\u201d, que se destina a comparticipar a aquisi\u00e7\u00e3o de uma ambul\u00e2ncia de<\/p>\n","protected":false},"author":6,"featured_media":0,"comment_status":"open","ping_status":"closed","sticky":false,"template":"","format":"standard","meta":{"ngg_post_thumbnail":0,"footnotes":""},"categories":[1],"tags":[],"class_list":["post-1013","post","type-post","status-publish","format-standard","hentry","category-noticias"],"_links":{"self":[{"href":"https:\/\/www.bvvizela.pt\/site\/wp-json\/wp\/v2\/posts\/1013","targetHints":{"allow":["GET"]}}],"collection":[{"href":"https:\/\/www.bvvizela.pt\/site\/wp-json\/wp\/v2\/posts"}],"about":[{"href":"https:\/\/www.bvvizela.pt\/site\/wp-json\/wp\/v2\/types\/post"}],"author":[{"embeddable":true,"href":"https:\/\/www.bvvizela.pt\/site\/wp-json\/wp\/v2\/users\/6"}],"replies":[{"embeddable":true,"href":"https:\/\/www.bvvizela.pt\/site\/wp-json\/wp\/v2\/comments?post=1013"}],"version-history":[{"count":22,"href":"https:\/\/www.bvvizela.pt\/site\/wp-json\/wp\/v2\/posts\/1013\/revisions"}],"predecessor-version":[{"id":1724,"href":"https:\/\/www.bvvizela.pt\/site\/wp-json\/wp\/v2\/posts\/1013\/revisions\/1724"}],"wp:attachment":[{"href":"https:\/\/www.bvvizela.pt\/site\/wp-json\/wp\/v2\/media?parent=1013"}],"wp:term":[{"taxonomy":"category","embeddable":true,"href":"https:\/\/www.bvvizela.pt\/site\/wp-json\/wp\/v2\/categories?post=1013"},{"taxonomy":"post_tag","embeddable":true,"href":"https:\/\/www.bvvizela.pt\/site\/wp-json\/wp\/v2\/tags?post=1013"}],"curies":[{"name":"wp","href":"https:\/\/api.w.org\/{rel}","templated":true}]}}