{"id":1,"date":"2010-04-23T14:41:24","date_gmt":"2010-04-23T10:41:24","guid":{"rendered":"http:\/\/www.bvvizela.pt\/site\/?p=1"},"modified":"2010-10-08T15:14:09","modified_gmt":"2010-10-08T14:14:09","slug":"peditorio-anual","status":"publish","type":"post","link":"https:\/\/www.bvvizela.pt\/site\/peditorio-anual\/","title":{"rendered":"PEDIT\u00d3RIO EM S. JO\u00c3O, 8 de MAIO"},"content":{"rendered":"<p style=\"text-align: justify;\"><a href=\"http:\/\/www.bvvizela.pt\/site\/wp-content\/uploads\/peditorio.jpg\"><img loading=\"lazy\" decoding=\"async\" class=\"aligncenter size-full wp-image-87\" title=\"peditorio\" src=\"http:\/\/www.bvvizela.pt\/site\/wp-content\/uploads\/peditorio.jpg\" alt=\"\" width=\"590\" height=\"300\" srcset=\"https:\/\/www.bvvizela.pt\/site\/wp-content\/uploads\/peditorio.jpg 590w, https:\/\/www.bvvizela.pt\/site\/wp-content\/uploads\/peditorio-300x152.jpg 300w\" sizes=\"auto, (max-width: 590px) 100vw, 590px\" \/><\/a><\/p>\n<p style=\"text-align: justify;\">Vai decorrer na freguesia de S. Jo\u00e3o das Caldas, no pr\u00f3ximo dia 08 de Maio, entre as 08:30 e as 13:00 horas, o pedit\u00f3rio anual para angaria\u00e7\u00e3o de fundos para a sustenta\u00e7\u00e3o de todos os servi\u00e7os de socorro.<\/p>\n<p style=\"text-align: justify;\">Todos devem ser generosos e colaborativos, para que o pedit\u00f3rio seja o que esperamos e o que a Real Associa\u00e7\u00e3o necessita. Lembre-se, ao ajudar a Associa\u00e7\u00e3o est\u00e1 a ajudar-se a si mesmo, tamb\u00e9m.<\/p>\n","protected":false},"excerpt":{"rendered":"<p>Vai decorrer na freguesia de S. Jo\u00e3o das Caldas, no pr\u00f3ximo dia 08 de Maio, entre as 08:30 e as 13:00 horas, o pedit\u00f3rio anual para angaria\u00e7\u00e3o de fundos para a sustenta\u00e7\u00e3o de todos os servi\u00e7os de socorro. Todos devem<\/p>\n","protected":false},"author":6,"featured_media":0,"comment_status":"open","ping_status":"closed","sticky":false,"template":"","format":"standard","meta":{"ngg_post_thumbnail":0,"footnotes":""},"categories":[1],"tags":[],"class_list":["post-1","post","type-post","status-publish","format-standard","hentry","category-noticias"],"_links":{"self":[{"href":"https:\/\/www.bvvizela.pt\/site\/wp-json\/wp\/v2\/posts\/1","targetHints":{"allow":["GET"]}}],"collection":[{"href":"https:\/\/www.bvvizela.pt\/site\/wp-json\/wp\/v2\/posts"}],"about":[{"href":"https:\/\/www.bvvizela.pt\/site\/wp-json\/wp\/v2\/types\/post"}],"author":[{"embeddable":true,"href":"https:\/\/www.bvvizela.pt\/site\/wp-json\/wp\/v2\/users\/6"}],"replies":[{"embeddable":true,"href":"https:\/\/www.bvvizela.pt\/site\/wp-json\/wp\/v2\/comments?post=1"}],"version-history":[{"count":7,"href":"https:\/\/www.bvvizela.pt\/site\/wp-json\/wp\/v2\/posts\/1\/revisions"}],"predecessor-version":[{"id":85,"href":"https:\/\/www.bvvizela.pt\/site\/wp-json\/wp\/v2\/posts\/1\/revisions\/85"}],"wp:attachment":[{"href":"https:\/\/www.bvvizela.pt\/site\/wp-json\/wp\/v2\/media?parent=1"}],"wp:term":[{"taxonomy":"category","embeddable":true,"href":"https:\/\/www.bvvizela.pt\/site\/wp-json\/wp\/v2\/categories?post=1"},{"taxonomy":"post_tag","embeddable":true,"href":"https:\/\/www.bvvizela.pt\/site\/wp-json\/wp\/v2\/tags?post=1"}],"curies":[{"name":"wp","href":"https:\/\/api.w.org\/{rel}","templated":true}]}}